{"id":1293,"date":"2022-10-21T12:19:45","date_gmt":"2022-10-21T10:19:45","guid":{"rendered":"https:\/\/ambpraga.esteri.it\/news\/dall_ambasciata\/2022\/10\/avviso-manifestazione-di-interesse-2\/"},"modified":"2022-10-21T12:19:45","modified_gmt":"2022-10-21T10:19:45","slug":"avviso-manifestazione-di-interesse-2","status":"publish","type":"post","link":"https:\/\/ambpraga.esteri.it\/cs\/news\/dall_ambasciata\/2022\/10\/avviso-manifestazione-di-interesse-2\/","title":{"rendered":"V\u00ddZVA K VYJ\u00c1D\u0158EN\u00cd Z\u00c1JMU"},"content":{"rendered":"<p><a href=\"resource\/doc\/2022\/10\/s224e-ie-1f22102111450.pdf\" target=\"_blank\" rel=\"noopener\">V\u00ddZVA K VYJ\u00c1D\u0158EN\u00cd Z\u00c1JMU O \u00da\u010cAST NA V\u00ddB\u011aROV\u00c9M \u0158\u00cdZEN\u00cd NA M\u00cdSTO PRACOVN\u00cdKA SPR\u00c1VY A \u00daDR\u017dBY ITALSK\u00c9HO VOJENSK\u00c9HO H\u0158BITOVA V MILOVIC\u00cdCH<\/a><\/p>\n<p style=\"text-align: justify;\">Velvyslanectv\u00ed It\u00e1lie v Praze m\u00e1 v \u00famyslu oslovit z\u00e1jemce o v\u00fdkon spr\u00e1vcovsk\u00e9 a \u00fadr\u017eb\u00e1\u0159sk\u00e9 \u010dinnosti Vojensk\u00e9ho pam\u00e1tn\u00edku v Italsk\u00e9 ulici v Milovic\u00edch (\u010cesk\u00e1 republika), kde jsou pochov\u00e1ni ital\u0161t\u00ed voj\u00e1ci z 1. sv\u011btov\u00e9 v\u00e1lky.<\/p>\n<p style=\"text-align: justify;\">Toto ozn\u00e1men\u00ed je ur\u010deno v\u00fdhradn\u011b pro p\u0159\u00edjem projev\u016f z\u00e1jmu, aby byla zaji\u0161t\u011bna \u00fa\u010dast a konzultace co nejv\u011bt\u0161\u00edho po\u010dtu potenci\u00e1ln\u00edch z\u00e1jemc\u016f, a nen\u00ed pro velvyslanectv\u00ed \u017e\u00e1dn\u00fdm zp\u016fsobem z\u00e1vazn\u00e9.<\/p>\n<p style=\"text-align: justify;\">Pro \u00fa\u010dely tohoto ozn\u00e1men\u00ed mus\u00ed z\u00e1jemci zaslat projev z\u00e1jmu do 15. listopadu 2022 do 12:00 hodin na e-mailovou adresu contabilita.praga@esteri.it<\/p>\n<p style=\"text-align: justify;\">Dal\u0161\u00ed informace je mo\u017en\u00e9 z\u00edskat telefonicky na \u010d\u00edsle +420 233 080 242, dr. Kamila Halov\u00e1.<\/p>\n","protected":false},"excerpt":{"rendered":"V\u00ddZVA K VYJ\u00c1D\u0158EN\u00cd Z\u00c1JMU O \u00da\u010cAST NA V\u00ddB\u011aROV\u00c9M \u0158\u00cdZEN\u00cd NA M\u00cdSTO PRACOVN\u00cdKA SPR\u00c1VY A \u00daDR\u017dBY ITALSK\u00c9HO VOJENSK\u00c9HO H\u0158BITOVA V MILOVIC\u00cdCH Velvyslanectv\u00ed It\u00e1lie v Praze m\u00e1 v \u00famyslu oslovit z\u00e1jemce o v\u00fdkon spr\u00e1vcovsk\u00e9 a \u00fadr\u017eb\u00e1\u0159sk\u00e9 \u010dinnosti Vojensk\u00e9ho pam\u00e1tn\u00edku v Italsk\u00e9 ulici v Milovic\u00edch (\u010cesk\u00e1 republika), kde jsou pochov\u00e1ni ital\u0161t\u00ed voj\u00e1ci z 1. sv\u011btov\u00e9 v\u00e1lky. Toto ozn\u00e1men\u00ed [&hellip;]","protected":false},"author":1,"featured_media":0,"comment_status":"","ping_status":"","sticky":false,"template":"","format":"standard","meta":{"footnotes":""},"tags":[],"class_list":["post-1293","post","type-post","status-publish","format-standard","hentry"],"_links":{"self":[{"href":"https:\/\/ambpraga.esteri.it\/cs\/wp-json\/wp\/v2\/posts\/1293","targetHints":{"allow":["GET"]}}],"collection":[{"href":"https:\/\/ambpraga.esteri.it\/cs\/wp-json\/wp\/v2\/posts"}],"about":[{"href":"https:\/\/ambpraga.esteri.it\/cs\/wp-json\/wp\/v2\/types\/post"}],"author":[{"embeddable":true,"href":"https:\/\/ambpraga.esteri.it\/cs\/wp-json\/wp\/v2\/users\/1"}],"replies":[{"embeddable":true,"href":"https:\/\/ambpraga.esteri.it\/cs\/wp-json\/wp\/v2\/comments?post=1293"}],"version-history":[{"count":0,"href":"https:\/\/ambpraga.esteri.it\/cs\/wp-json\/wp\/v2\/posts\/1293\/revisions"}],"wp:attachment":[{"href":"https:\/\/ambpraga.esteri.it\/cs\/wp-json\/wp\/v2\/media?parent=1293"}],"wp:term":[{"taxonomy":"post_tag","embeddable":true,"href":"https:\/\/ambpraga.esteri.it\/cs\/wp-json\/wp\/v2\/tags?post=1293"}],"curies":[{"name":"wp","href":"https:\/\/api.w.org\/{rel}","templated":true}]}}