{"id":1421,"date":"2021-05-06T18:29:48","date_gmt":"2021-05-06T16:29:48","guid":{"rendered":"https:\/\/ambpraga.esteri.it\/news\/dall_ambasciata\/2021\/05\/jime-italsky-show-digitale-interattivo-2\/"},"modified":"2021-05-06T18:29:48","modified_gmt":"2021-05-06T16:29:48","slug":"jime-italsky-show-digitale-interattivo-2","status":"publish","type":"post","link":"https:\/\/ambpraga.esteri.it\/cs\/news\/dall_ambasciata\/2021\/05\/jime-italsky-show-digitale-interattivo-2\/","title":{"rendered":"J\u00edme italsky! Interaktivn\u00ed digit\u00e1ln\u00ed show o italsk\u00e9 kuchyni a st\u0159edomo\u0159sk\u00e9 strav\u011b"},"content":{"rendered":"<p>Organizuj\u00ed Italsko-\u010desk\u00e1 obchodn\u00ed a pr\u016fmyslov\u00e1 komora a Italsk\u00e9 velvyslanectv\u00ed v Praze. Srde\u010dn\u011b V\u00e1s zveme na interaktivn\u00ed digit\u00e1ln\u00ed show o italsk\u00e9 kuchyni a st\u0159edomo\u0159sk\u00e9 strav\u011b J\u00edme italsky!<\/p>\n<p>Kdy: \u010dtvrtek 20. kv\u011btna 2021 od 11.00 hod<\/p>\n<p>Kde: na platform\u011b Zoom<\/p>\n<p>Moderuje: Pavel Maurer, zakladatel pr\u016fvodce Maurer\u016fv v\u00fdb\u011br a festival\u016f Grand Restaurant a Prague Food Festival<\/p>\n<p>Program<\/p>\n<p>11.00 \u2013 11.05 \u00davodn\u00ed slovo<br \/>Gianfranco Pinciroli, p\u0159edseda Italsko-\u010desk\u00e9 komory<br \/>J.E. Francesco Saverio Nisio, italsk\u00fd velvyslanec v Praze<\/p>\n<p>11.05 \u2013 11.15 Keynote speaker<br \/>Ji\u0159\u00ed \u0160\u00edr, n\u00e1m\u011bstek ministra zem\u011bd\u011blstv\u00ed \u010cR<\/p>\n<p>11.15 \u2013 11.25 It\u00e1lie vid\u011bn\u00e1 \u010desk\u00fdma o\u010dima<br \/>Marta Ku\u010d\u00edkov\u00e1, spisovatelka a blogerka o It\u00e1lii, ocen\u011bn\u00e1 Blogerka desetilet\u00ed<\/p>\n<p>11.25 \u2013 11.40 St\u0159edomo\u0159sk\u00e1 strava: \u017eivotn\u00ed styl na pomez\u00ed tradice a inovace<br \/>Mauro Ruggiero, novin\u00e1\u0159 a autor knihy \u201eMare Nostrum: historie, receptury a tajemstv\u00ed st\u0159edomo\u0159sk\u00e9 stravy\u201d<br \/>Maria Triassi, d\u011bkanka Fakulty medic\u00edny a chirurgie \u2013 Neapolsk\u00e1 univerzita Fridricha II.<\/p>\n<p>11.40 \u2013 11.50 Kolik je italsk\u00fdch kuchyn\u00ed?<br \/>Matteo De Carli, \u0161\u00e9fkucha\u0159 Casa De Carli v Praze \u2013 restaurace s titulem Buona Cucina od Akademie italsk\u00e9 kuchyn\u011b<\/p>\n<p>11.50 \u2013 12.00 In vino veritas: dokonal\u00e9 (i m\u00e9n\u011b zda\u0159il\u00e9) p\u00e1rov\u00e1n\u00ed italsk\u00e9ho v\u00edna<br \/>Ji\u0159\u00ed Markuzzi, dovozce a distributor italsk\u00e9ho v\u00edna<\/p>\n<p>12.00 \u2013 12.10 Extra panensk\u00fd olivov\u00fd olej: jak poznat kvalitu a adekv\u00e1tn\u00ed cenu?<br \/>Flemming Laugesen, dovozce a distributor italsk\u00fdch v\u00edn a specialit<\/p>\n<p>12.10 \u2013 12.20 Dolce Italia: sladk\u00e1 te\u010dka na z\u00e1v\u011br dobr\u00e9ho j\u00eddla (a k napraven\u00ed dojmu z toho hor\u0161\u00edho)<br \/>Roberta Marangon, majitelka cukr\u00e1rny Dolcemente v Praze<\/p>\n<p>12.20 \u2013 12.30 Va\u0159te s hv\u011bzdami<br \/>Cooking-show s hv\u011bzdn\u00fdm kucha\u0159em v p\u0159\u00edm\u00e9m p\u0159enosu z It\u00e1lie \u2013 va\u0159\u00ed Lucio Pompili<\/p>\n<p>Jazyk: \u010de\u0161tina a ital\u0161tina se simult\u00e1nn\u00edm tlumo\u010den\u00edm na p\u0159\u00edslu\u0161n\u00e9m kan\u00e1le<\/p>\n<p>\u00da\u010dast zdarma po p\u0159edchoz\u00ed registraci na <a href=\"mailto:barbora.supikova@camic.cz\">barbora.supikova@camic.cz<\/a><\/p>\n<p>Link ke sledov\u00e1n\u00ed obdr\u017e\u00edte na z\u00e1klad\u011b registrace.<\/p>\n<p>Z \u00fa\u010dastn\u00edk\u016f p\u0159\u00edm\u00e9ho p\u0159enosu budou vylosov\u00e1n\u00ed v\u00fdherci hodnotn\u00fdch cen Made in Italy!<\/p>\n<p>Program naleznete v p\u0159\u00edloze. Pro jak\u00e9koliv dal\u0161\u00ed informace n\u00e1s nev\u00e1hejte kontaktovat.<\/p>\n<p>INFO: <a href=\"https:\/\/www.camic.cz\/cs\/event\/jime-italsky-interaktivni-digitalni-show-o-italske-kuchyni-a-stredomorske-strave\/\"><a>https:\/\/www.camic.cz\/cs\/event\/jime-italsky-interaktivni-digitalni-show-o-italske-kuchyni-a-stredomorske-strave\/<\/a><\/a><\/p>\n<p><a href=\"resource\/doc\/2021\/05\/tz.pdf\" target=\"_blank\" rel=\"noopener\">TISKOV\u00c1 ZPR\u00c1VA<\/a><\/p>\n","protected":false},"excerpt":{"rendered":"Organizuj\u00ed Italsko-\u010desk\u00e1 obchodn\u00ed a pr\u016fmyslov\u00e1 komora a Italsk\u00e9 velvyslanectv\u00ed v Praze. Srde\u010dn\u011b V\u00e1s zveme na interaktivn\u00ed digit\u00e1ln\u00ed show o italsk\u00e9 kuchyni a st\u0159edomo\u0159sk\u00e9 strav\u011b J\u00edme italsky! Kdy: \u010dtvrtek 20. kv\u011btna 2021 od 11.00 hod Kde: na platform\u011b Zoom Moderuje: Pavel Maurer, zakladatel pr\u016fvodce Maurer\u016fv v\u00fdb\u011br a festival\u016f Grand Restaurant a Prague Food Festival Program 11.00 [&hellip;]","protected":false},"author":1,"featured_media":0,"comment_status":"","ping_status":"","sticky":false,"template":"","format":"standard","meta":{"footnotes":""},"tags":[],"class_list":["post-1421","post","type-post","status-publish","format-standard","hentry"],"_links":{"self":[{"href":"https:\/\/ambpraga.esteri.it\/cs\/wp-json\/wp\/v2\/posts\/1421","targetHints":{"allow":["GET"]}}],"collection":[{"href":"https:\/\/ambpraga.esteri.it\/cs\/wp-json\/wp\/v2\/posts"}],"about":[{"href":"https:\/\/ambpraga.esteri.it\/cs\/wp-json\/wp\/v2\/types\/post"}],"author":[{"embeddable":true,"href":"https:\/\/ambpraga.esteri.it\/cs\/wp-json\/wp\/v2\/users\/1"}],"replies":[{"embeddable":true,"href":"https:\/\/ambpraga.esteri.it\/cs\/wp-json\/wp\/v2\/comments?post=1421"}],"version-history":[{"count":0,"href":"https:\/\/ambpraga.esteri.it\/cs\/wp-json\/wp\/v2\/posts\/1421\/revisions"}],"wp:attachment":[{"href":"https:\/\/ambpraga.esteri.it\/cs\/wp-json\/wp\/v2\/media?parent=1421"}],"wp:term":[{"taxonomy":"post_tag","embeddable":true,"href":"https:\/\/ambpraga.esteri.it\/cs\/wp-json\/wp\/v2\/tags?post=1421"}],"curies":[{"name":"wp","href":"https:\/\/api.w.org\/{rel}","templated":true}]}}