{"id":1435,"date":"2021-04-10T09:26:09","date_gmt":"2021-04-10T07:26:09","guid":{"rendered":"https:\/\/ambpraga.esteri.it\/news\/dall_ambasciata\/2021\/04\/forum-digitale-innovazione-sostenibilita_0-2\/"},"modified":"2021-04-10T09:26:09","modified_gmt":"2021-04-10T07:26:09","slug":"forum-digitale-innovazione-sostenibilita_0-2","status":"publish","type":"post","link":"https:\/\/ambpraga.esteri.it\/cs\/news\/dall_ambasciata\/2021\/04\/forum-digitale-innovazione-sostenibilita_0-2\/","title":{"rendered":"INOVACE &#038; UDR\u017dITELNOST V PODNIK\u00c1N\u00cd 2021"},"content":{"rendered":"<p>Italsko-\u010desk\u00e9 digit\u00e1ln\u00ed f\u00f3rum o trendech a \u00fasp\u011b\u0161n\u00fdch p\u0159\u00edkladech pr\u016fmyslu budoucnosti (14. dubna 2021 od 10.00 hod na platform\u011b ZOOM). Zdarma po p\u0159edchoz\u00ed registraci na <a href=\"mailto:barbora.supikova@camic.cz\">barbora.supikova@camic.cz<\/a><\/p>\n<p><img loading=\"lazy\" decoding=\"async\" src=\"resource\/doc\/2021\/04\/program.jpg\" alt=\"program\" width=\"500\" height=\"707\" \/><\/p>\n","protected":false},"excerpt":{"rendered":"Italsko-\u010desk\u00e9 digit\u00e1ln\u00ed f\u00f3rum o trendech a \u00fasp\u011b\u0161n\u00fdch p\u0159\u00edkladech pr\u016fmyslu budoucnosti (14. dubna 2021 od 10.00 hod na platform\u011b ZOOM). Zdarma po p\u0159edchoz\u00ed registraci na barbora.supikova@camic.cz","protected":false},"author":1,"featured_media":0,"comment_status":"","ping_status":"","sticky":false,"template":"","format":"standard","meta":{"footnotes":""},"tags":[],"class_list":["post-1435","post","type-post","status-publish","format-standard","hentry"],"_links":{"self":[{"href":"https:\/\/ambpraga.esteri.it\/cs\/wp-json\/wp\/v2\/posts\/1435","targetHints":{"allow":["GET"]}}],"collection":[{"href":"https:\/\/ambpraga.esteri.it\/cs\/wp-json\/wp\/v2\/posts"}],"about":[{"href":"https:\/\/ambpraga.esteri.it\/cs\/wp-json\/wp\/v2\/types\/post"}],"author":[{"embeddable":true,"href":"https:\/\/ambpraga.esteri.it\/cs\/wp-json\/wp\/v2\/users\/1"}],"replies":[{"embeddable":true,"href":"https:\/\/ambpraga.esteri.it\/cs\/wp-json\/wp\/v2\/comments?post=1435"}],"version-history":[{"count":0,"href":"https:\/\/ambpraga.esteri.it\/cs\/wp-json\/wp\/v2\/posts\/1435\/revisions"}],"wp:attachment":[{"href":"https:\/\/ambpraga.esteri.it\/cs\/wp-json\/wp\/v2\/media?parent=1435"}],"wp:term":[{"taxonomy":"post_tag","embeddable":true,"href":"https:\/\/ambpraga.esteri.it\/cs\/wp-json\/wp\/v2\/tags?post=1435"}],"curies":[{"name":"wp","href":"https:\/\/api.w.org\/{rel}","templated":true}]}}