{"id":1517,"date":"2020-10-18T10:55:59","date_gmt":"2020-10-18T08:55:59","guid":{"rendered":"https:\/\/ambpraga.esteri.it\/news\/dall_ambasciata\/2020\/10\/sacrario-militare-di-milovice-2\/"},"modified":"2020-10-18T10:55:59","modified_gmt":"2020-10-18T08:55:59","slug":"sacrario-militare-di-milovice-2","status":"publish","type":"post","link":"https:\/\/ambpraga.esteri.it\/cs\/news\/dall_ambasciata\/2020\/10\/sacrario-militare-di-milovice-2\/","title":{"rendered":"MILOVICE"},"content":{"rendered":"<p>Velvyslanec It\u00e1lie, p\u0159edseda meziparlamentn\u00ed skupiny italsko-\u010desk\u00e9ho p\u0159\u00e1telstv\u00ed a starosta m\u011bsta Milovice uctili pam\u00e1tku 5.276 italsk\u00fdch voj\u00e1k\u016f Prvn\u00ed Sv\u011btov\u00e9 v\u00e1lky poh\u0159ben\u00fdch na vojensk\u00e9m h\u0159bitov\u011b v Milovic\u00edch. Upom\u00ednkov\u00fd akt se konal v uzav\u0159en\u00e9m kruhu.<\/p>\n","protected":false},"excerpt":{"rendered":"Velvyslanec It\u00e1lie, p\u0159edseda meziparlamentn\u00ed skupiny italsko-\u010desk\u00e9ho p\u0159\u00e1telstv\u00ed a starosta m\u011bsta Milovice uctili pam\u00e1tku 5.276 italsk\u00fdch voj\u00e1k\u016f Prvn\u00ed Sv\u011btov\u00e9 v\u00e1lky poh\u0159ben\u00fdch na vojensk\u00e9m h\u0159bitov\u011b v Milovic\u00edch. Upom\u00ednkov\u00fd akt se konal v uzav\u0159en\u00e9m kruhu.","protected":false},"author":1,"featured_media":0,"comment_status":"","ping_status":"","sticky":false,"template":"","format":"standard","meta":{"footnotes":""},"tags":[],"class_list":["post-1517","post","type-post","status-publish","format-standard","hentry"],"_links":{"self":[{"href":"https:\/\/ambpraga.esteri.it\/cs\/wp-json\/wp\/v2\/posts\/1517","targetHints":{"allow":["GET"]}}],"collection":[{"href":"https:\/\/ambpraga.esteri.it\/cs\/wp-json\/wp\/v2\/posts"}],"about":[{"href":"https:\/\/ambpraga.esteri.it\/cs\/wp-json\/wp\/v2\/types\/post"}],"author":[{"embeddable":true,"href":"https:\/\/ambpraga.esteri.it\/cs\/wp-json\/wp\/v2\/users\/1"}],"replies":[{"embeddable":true,"href":"https:\/\/ambpraga.esteri.it\/cs\/wp-json\/wp\/v2\/comments?post=1517"}],"version-history":[{"count":0,"href":"https:\/\/ambpraga.esteri.it\/cs\/wp-json\/wp\/v2\/posts\/1517\/revisions"}],"wp:attachment":[{"href":"https:\/\/ambpraga.esteri.it\/cs\/wp-json\/wp\/v2\/media?parent=1517"}],"wp:term":[{"taxonomy":"post_tag","embeddable":true,"href":"https:\/\/ambpraga.esteri.it\/cs\/wp-json\/wp\/v2\/tags?post=1517"}],"curies":[{"name":"wp","href":"https:\/\/api.w.org\/{rel}","templated":true}]}}