{"id":1526,"date":"2020-10-07T23:02:22","date_gmt":"2020-10-07T21:02:22","guid":{"rendered":"https:\/\/ambpraga.esteri.it\/news\/dall_ambasciata\/2020\/10\/viaggi-verso-l-italia-obbligo-di-2\/"},"modified":"2020-10-07T23:02:22","modified_gmt":"2020-10-07T21:02:22","slug":"viaggi-verso-l-italia-obbligo-di-2","status":"publish","type":"post","link":"https:\/\/ambpraga.esteri.it\/cs\/news\/dall_ambasciata\/2020\/10\/viaggi-verso-l-italia-obbligo-di-2\/","title":{"rendered":"CESTOV\u00c1N\u00cd DO IT\u00c1LIE: POVINNOST TESTOV\u00c1N\u00cd NA COVID OD 24h00 DNE 7.\u0158\u00cdJNA"},"content":{"rendered":"<p>Vzhledem k v\u00fdrazn\u00e9mu zhor\u0161en\u00ed epidemiologick\u00e9 situace v \u010cesk\u00e9 republice a prudk\u00e9mu n\u00e1r\u016fstu p\u0159\u00edpad\u016f zaznamenan\u00fdch dnes v It\u00e1lii podepsal dnes ve\u010der ministr zdravotnictv\u00ed Roberto Speranza vyhl\u00e1\u0161ku, kter\u00e1 okam\u017eit\u011b vstoupila v platnost a kter\u00e1 na\u0159izuje testov\u00e1n\u00ed na covid pro v\u0161echny, kte\u0159\u00ed p\u0159ij\u00ed\u017ed\u011bj\u00ed z Belgie, Nizozemska, Velk\u00e9 Brit\u00e1nie a \u010cesk\u00e9 republiky. Ode dne\u0161n\u00ed p\u016flnoci, 7.\u0159\u00edjna, bude muset ka\u017ed\u00fd, kdo chce cestovat do It\u00e1lie, p\u0159edlo\u017eit test na Covid s negativn\u00edm v\u00fdsledkem, p\u0159i\u010dem\u017e tento test nesm\u00ed b\u00fdt star\u0161\u00ed 72 hodin p\u0159ed p\u0159\u00edjezdem na m\u00edsto ur\u010den\u00ed.<\/p>\n","protected":false},"excerpt":{"rendered":"Vzhledem k v\u00fdrazn\u00e9mu zhor\u0161en\u00ed epidemiologick\u00e9 situace v \u010cesk\u00e9 republice a prudk\u00e9mu n\u00e1r\u016fstu p\u0159\u00edpad\u016f zaznamenan\u00fdch dnes v It\u00e1lii podepsal dnes ve\u010der ministr zdravotnictv\u00ed Roberto Speranza vyhl\u00e1\u0161ku, kter\u00e1 okam\u017eit\u011b vstoupila v platnost a kter\u00e1 na\u0159izuje testov\u00e1n\u00ed na covid pro v\u0161echny, kte\u0159\u00ed p\u0159ij\u00ed\u017ed\u011bj\u00ed z Belgie, Nizozemska, Velk\u00e9 Brit\u00e1nie a \u010cesk\u00e9 republiky. Ode dne\u0161n\u00ed p\u016flnoci, 7.\u0159\u00edjna, bude muset ka\u017ed\u00fd, [&hellip;]","protected":false},"author":1,"featured_media":0,"comment_status":"","ping_status":"","sticky":false,"template":"","format":"standard","meta":{"footnotes":""},"tags":[],"class_list":["post-1526","post","type-post","status-publish","format-standard","hentry"],"_links":{"self":[{"href":"https:\/\/ambpraga.esteri.it\/cs\/wp-json\/wp\/v2\/posts\/1526","targetHints":{"allow":["GET"]}}],"collection":[{"href":"https:\/\/ambpraga.esteri.it\/cs\/wp-json\/wp\/v2\/posts"}],"about":[{"href":"https:\/\/ambpraga.esteri.it\/cs\/wp-json\/wp\/v2\/types\/post"}],"author":[{"embeddable":true,"href":"https:\/\/ambpraga.esteri.it\/cs\/wp-json\/wp\/v2\/users\/1"}],"replies":[{"embeddable":true,"href":"https:\/\/ambpraga.esteri.it\/cs\/wp-json\/wp\/v2\/comments?post=1526"}],"version-history":[{"count":0,"href":"https:\/\/ambpraga.esteri.it\/cs\/wp-json\/wp\/v2\/posts\/1526\/revisions"}],"wp:attachment":[{"href":"https:\/\/ambpraga.esteri.it\/cs\/wp-json\/wp\/v2\/media?parent=1526"}],"wp:term":[{"taxonomy":"post_tag","embeddable":true,"href":"https:\/\/ambpraga.esteri.it\/cs\/wp-json\/wp\/v2\/tags?post=1526"}],"curies":[{"name":"wp","href":"https:\/\/api.w.org\/{rel}","templated":true}]}}