{"id":1528,"date":"2020-10-07T17:37:45","date_gmt":"2020-10-07T15:37:45","guid":{"rendered":"https:\/\/ambpraga.esteri.it\/news\/dall_ambasciata\/2020\/10\/viaggi-verso-l-italia-2\/"},"modified":"2020-10-07T17:37:45","modified_gmt":"2020-10-07T15:37:45","slug":"viaggi-verso-l-italia-2","status":"publish","type":"post","link":"https:\/\/ambpraga.esteri.it\/cs\/news\/dall_ambasciata\/2020\/10\/viaggi-verso-l-italia-2\/","title":{"rendered":"CESTOV\u00c1N\u00cd DO IT\u00c1LIE"},"content":{"rendered":"<p>A\u010dkoliv se v tisku \u0161\u00ed\u0159\u00ed opa\u010dn\u00e9 informace, plat\u00ed pro cestuj\u00edc\u00ed z \u010cesk\u00e9 republiky sm\u011brem do It\u00e1lie voln\u00fd vstup. Podm\u00ednkou je jen p\u0159edlo\u017een\u00ed vypln\u011bn\u00e9ho formul\u00e1\u0159e \u010destn\u00e9ho prohl\u00e1\u0161en\u00ed. Formul\u00e1\u0159 mo\u017eno st\u00e1hnout zde: ( <a href=\"https:\/\/www.esteri.it\/mae\/resource\/doc\/2020\/09\/modulo_rientro_da_estero_24_09_20.pdf\">https:\/\/www.esteri.it\/mae\/resource\/doc\/2020\/09\/modulo_rientro_da_estero_24_09_20.pdf<\/a>\u00a0 ).<\/p>\n<p>Sou\u010dasn\u00e1 epidemiologick\u00e1 situace v \u010cesk\u00e9 republice by mohla brzy v\u00e9st k \u00faprav\u011b tohoto re\u017eimu. O jak\u00e9koliv zm\u011bn\u011b \u010di zaveden\u00ed omezen\u00ed cestov\u00e1n\u00ed budeme prost\u0159ednictv\u00edm tohoto kan\u00e1lu neprodlen\u011b informovat.<br \/>Osob\u00e1m, kter\u00e9 v nejbli\u017e\u0161\u00edch dnech zam\u00fd\u0161lej\u00ed cestovat do It\u00e1lie doporu\u010dujeme podstoupit PCR test a cestovat s osv\u011bd\u010den\u00edm o negativn\u00edm v\u00fdsledku ne star\u0161\u00edm 72 hodin p\u0159ed vstupem do It\u00e1lie.<\/p>\n","protected":false},"excerpt":{"rendered":"A\u010dkoliv se v tisku \u0161\u00ed\u0159\u00ed opa\u010dn\u00e9 informace, plat\u00ed pro cestuj\u00edc\u00ed z \u010cesk\u00e9 republiky sm\u011brem do It\u00e1lie voln\u00fd vstup. Podm\u00ednkou je jen p\u0159edlo\u017een\u00ed vypln\u011bn\u00e9ho formul\u00e1\u0159e \u010destn\u00e9ho prohl\u00e1\u0161en\u00ed. Formul\u00e1\u0159 mo\u017eno st\u00e1hnout zde: ( https:\/\/www.esteri.it\/mae\/resource\/doc\/2020\/09\/modulo_rientro_da_estero_24_09_20.pdf\u00a0 ). Sou\u010dasn\u00e1 epidemiologick\u00e1 situace v \u010cesk\u00e9 republice by mohla brzy v\u00e9st k \u00faprav\u011b tohoto re\u017eimu. O jak\u00e9koliv zm\u011bn\u011b \u010di zaveden\u00ed omezen\u00ed cestov\u00e1n\u00ed budeme [&hellip;]","protected":false},"author":1,"featured_media":0,"comment_status":"","ping_status":"","sticky":false,"template":"","format":"standard","meta":{"footnotes":""},"tags":[],"class_list":["post-1528","post","type-post","status-publish","format-standard","hentry"],"_links":{"self":[{"href":"https:\/\/ambpraga.esteri.it\/cs\/wp-json\/wp\/v2\/posts\/1528","targetHints":{"allow":["GET"]}}],"collection":[{"href":"https:\/\/ambpraga.esteri.it\/cs\/wp-json\/wp\/v2\/posts"}],"about":[{"href":"https:\/\/ambpraga.esteri.it\/cs\/wp-json\/wp\/v2\/types\/post"}],"author":[{"embeddable":true,"href":"https:\/\/ambpraga.esteri.it\/cs\/wp-json\/wp\/v2\/users\/1"}],"replies":[{"embeddable":true,"href":"https:\/\/ambpraga.esteri.it\/cs\/wp-json\/wp\/v2\/comments?post=1528"}],"version-history":[{"count":0,"href":"https:\/\/ambpraga.esteri.it\/cs\/wp-json\/wp\/v2\/posts\/1528\/revisions"}],"wp:attachment":[{"href":"https:\/\/ambpraga.esteri.it\/cs\/wp-json\/wp\/v2\/media?parent=1528"}],"wp:term":[{"taxonomy":"post_tag","embeddable":true,"href":"https:\/\/ambpraga.esteri.it\/cs\/wp-json\/wp\/v2\/tags?post=1528"}],"curies":[{"name":"wp","href":"https:\/\/api.w.org\/{rel}","templated":true}]}}