{"id":1559,"date":"2020-06-19T20:33:16","date_gmt":"2020-06-19T18:33:16","guid":{"rendered":"https:\/\/ambpraga.esteri.it\/news\/dall_ambasciata\/2020\/06\/estate-all-italiana-festival-2\/"},"modified":"2020-06-19T20:33:16","modified_gmt":"2020-06-19T18:33:16","slug":"estate-all-italiana-festival-2","status":"publish","type":"post","link":"https:\/\/ambpraga.esteri.it\/cs\/news\/dall_ambasciata\/2020\/06\/estate-all-italiana-festival-2\/","title":{"rendered":"ESTATE ALL&#8217;ITALIANA"},"content":{"rendered":"<p>V r\u00e1mci festivalu \u201eEstate all&#8217;italiana\u201c budou k dispozici zdarma 20 p\u0159edstaven\u00ed online s vysok\u00fdm um\u011bleck\u00fdm profilem &#8211; ve streamu na vy\u017e\u00e1d\u00e1n\u00ed po dobu 48 hodin po registraci na webu www.italiafestival.it &#8211; \u200b\u200bd\u00edky spolupr\u00e1ci mezi ministerstvem zahrani\u010dn\u00edch v\u011bc\u00ed a mezin\u00e1rodn\u00ed spoluprac\u00ed s ItaliaFestival, asociace, kter\u00e1 spojuje n\u011bkter\u00e9 z nejd\u016fle\u017eit\u011bj\u0161\u00edch italsk\u00fdch festival\u016f, v\u010detn\u011b Ravenna, Puccini, Napoli Teatro, Valle d&#8217;Itria, Santarcargelo, Emilia Romagna, Borgate dal Vivo v Piemonte, Armonie d\u00b4arte v Kal\u00e1brii a Festival dei Due Mondi ve Spoletu.<\/p>\n<p><a href=\"resource\/doc\/2020\/06\/kalenda_streaming_italiafestival_cz.pdf\" target=\"_blank\" rel=\"noopener\">Kalend\u00e1\u0159 p\u0159edstaven\u00ed zde.<\/a><\/p>\n","protected":false},"excerpt":{"rendered":"V r\u00e1mci festivalu \u201eEstate all&#8217;italiana\u201c budou k dispozici zdarma 20 p\u0159edstaven\u00ed online s vysok\u00fdm um\u011bleck\u00fdm profilem &#8211; ve streamu na vy\u017e\u00e1d\u00e1n\u00ed po dobu 48 hodin po registraci na webu www.italiafestival.it &#8211; \u200b\u200bd\u00edky spolupr\u00e1ci mezi ministerstvem zahrani\u010dn\u00edch v\u011bc\u00ed a mezin\u00e1rodn\u00ed spoluprac\u00ed s ItaliaFestival, asociace, kter\u00e1 spojuje n\u011bkter\u00e9 z nejd\u016fle\u017eit\u011bj\u0161\u00edch italsk\u00fdch festival\u016f, v\u010detn\u011b Ravenna, Puccini, Napoli Teatro, [&hellip;]","protected":false},"author":1,"featured_media":0,"comment_status":"","ping_status":"","sticky":false,"template":"","format":"standard","meta":{"footnotes":""},"tags":[],"class_list":["post-1559","post","type-post","status-publish","format-standard","hentry"],"_links":{"self":[{"href":"https:\/\/ambpraga.esteri.it\/cs\/wp-json\/wp\/v2\/posts\/1559","targetHints":{"allow":["GET"]}}],"collection":[{"href":"https:\/\/ambpraga.esteri.it\/cs\/wp-json\/wp\/v2\/posts"}],"about":[{"href":"https:\/\/ambpraga.esteri.it\/cs\/wp-json\/wp\/v2\/types\/post"}],"author":[{"embeddable":true,"href":"https:\/\/ambpraga.esteri.it\/cs\/wp-json\/wp\/v2\/users\/1"}],"replies":[{"embeddable":true,"href":"https:\/\/ambpraga.esteri.it\/cs\/wp-json\/wp\/v2\/comments?post=1559"}],"version-history":[{"count":0,"href":"https:\/\/ambpraga.esteri.it\/cs\/wp-json\/wp\/v2\/posts\/1559\/revisions"}],"wp:attachment":[{"href":"https:\/\/ambpraga.esteri.it\/cs\/wp-json\/wp\/v2\/media?parent=1559"}],"wp:term":[{"taxonomy":"post_tag","embeddable":true,"href":"https:\/\/ambpraga.esteri.it\/cs\/wp-json\/wp\/v2\/tags?post=1559"}],"curies":[{"name":"wp","href":"https:\/\/api.w.org\/{rel}","templated":true}]}}