{"id":1565,"date":"2020-06-03T13:15:43","date_gmt":"2020-06-03T11:15:43","guid":{"rendered":"https:\/\/ambpraga.esteri.it\/news\/dall_ambasciata\/2020\/06\/riapertura-delle-frontiere-italiane-2\/"},"modified":"2020-06-03T13:15:43","modified_gmt":"2020-06-03T11:15:43","slug":"riapertura-delle-frontiere-italiane-2","status":"publish","type":"post","link":"https:\/\/ambpraga.esteri.it\/cs\/news\/dall_ambasciata\/2020\/06\/riapertura-delle-frontiere-italiane-2\/","title":{"rendered":"OD DNE\u0160N\u00cdHO DNE OP\u011aT OTEV\u00cdRAJ\u00cd ITALSK\u00c9 HRANICE PRO ZEM\u011a EU+"},"content":{"rendered":"<p>Od dne\u0161n\u00edho dne op\u011bt otev\u00edraj\u00ed italsk\u00e9 hranice pro zem\u011b EU+. Karant\u00e9na bude na\u0159\u00edzen\u00e1 jenom t\u011bm, kte\u0159\u00ed pob\u00fdvali jinde 14 dn\u00ed p\u0159ed vstupem do It\u00e1lie.<\/p>\n<p>Podrobnosti v angli\u010dtin\u011b zde: <a href=\"https:\/\/www.esteri.it\/mae\/en\/ministero\/normativaonline\/decreto-iorestoacasa-domande-frequenti\/focus-cittadini-italiani-in-rientro-dall-estero-e-cittadini-stranieri-in-italia.html\" target=\"_blank\" rel=\"noopener\">INFO<\/a><\/p>\n","protected":false},"excerpt":{"rendered":"Od dne\u0161n\u00edho dne op\u011bt otev\u00edraj\u00ed italsk\u00e9 hranice pro zem\u011b EU+. Karant\u00e9na bude na\u0159\u00edzen\u00e1 jenom t\u011bm, kte\u0159\u00ed pob\u00fdvali jinde 14 dn\u00ed p\u0159ed vstupem do It\u00e1lie. Podrobnosti v angli\u010dtin\u011b zde: INFO","protected":false},"author":1,"featured_media":0,"comment_status":"","ping_status":"","sticky":false,"template":"","format":"standard","meta":{"footnotes":""},"tags":[],"class_list":["post-1565","post","type-post","status-publish","format-standard","hentry"],"_links":{"self":[{"href":"https:\/\/ambpraga.esteri.it\/cs\/wp-json\/wp\/v2\/posts\/1565","targetHints":{"allow":["GET"]}}],"collection":[{"href":"https:\/\/ambpraga.esteri.it\/cs\/wp-json\/wp\/v2\/posts"}],"about":[{"href":"https:\/\/ambpraga.esteri.it\/cs\/wp-json\/wp\/v2\/types\/post"}],"author":[{"embeddable":true,"href":"https:\/\/ambpraga.esteri.it\/cs\/wp-json\/wp\/v2\/users\/1"}],"replies":[{"embeddable":true,"href":"https:\/\/ambpraga.esteri.it\/cs\/wp-json\/wp\/v2\/comments?post=1565"}],"version-history":[{"count":0,"href":"https:\/\/ambpraga.esteri.it\/cs\/wp-json\/wp\/v2\/posts\/1565\/revisions"}],"wp:attachment":[{"href":"https:\/\/ambpraga.esteri.it\/cs\/wp-json\/wp\/v2\/media?parent=1565"}],"wp:term":[{"taxonomy":"post_tag","embeddable":true,"href":"https:\/\/ambpraga.esteri.it\/cs\/wp-json\/wp\/v2\/tags?post=1565"}],"curies":[{"name":"wp","href":"https:\/\/api.w.org\/{rel}","templated":true}]}}