{"id":1286,"date":"2022-11-23T14:24:52","date_gmt":"2022-11-23T13:24:52","guid":{"rendered":"https:\/\/ambpraga.esteri.it\/news\/dall_ambasciata\/2022\/11\/vernissage-presepe-e-teatro-san-2\/"},"modified":"2022-11-23T14:24:52","modified_gmt":"2022-11-23T13:24:52","slug":"vernissage-presepe-e-teatro-san-2","status":"publish","type":"post","link":"https:\/\/ambpraga.esteri.it\/en\/news\/dall_ambasciata\/2022\/11\/vernissage-presepe-e-teatro-san-2\/","title":{"rendered":"2 EVENTI 18\/12\/2022 &#8211; Vernissage PRESEPE e TEATRO SAN CARLO DI NAPOLI a Praga"},"content":{"rendered":"<p style=\"text-align: justify;\"><strong>Vernissage &#8211; Presepe Napoletano<br \/><\/strong><\/p>\n<p style=\"text-align: justify;\"><strong>data e ora: 18\/12\/2022 alle ore 11:30<\/strong><\/p>\n<p style=\"text-align: justify;\"><strong>posto: Cappella barocca Istituto Italiano di Cultura &#8211; \u0160porkova 14 (Entrata Vla\u0161sk\u00e1) &#8211; 118 00 Praga 1<\/strong><\/p>\n<p style=\"text-align: justify;\"><strong>Ingresso gratuito. Registrazione necessaria:<\/strong><\/p>\n<p style=\"text-align: justify;\"><strong> <a href=\"https:\/\/www.eventbrite.it\/e\/biglietti-il-racconto-della-bellezza-limmagine-del-natale-nel-presepe-napoletano-475087117357?fbclid=IwAR3sulO7FP_GJq8CiNspL1s18a_UIY1ORdu3blzjGQ9bi0hMO1qZ8ZJ3ckw\">https:\/\/www.eventbrite.it\/e\/biglietti-il-racconto-della-bellezza-limmagine-del-natale-nel-presepe-napoletano-475087117357?fbclid=IwAR3sulO7FP_GJq8CiNspL1s18a_UIY1ORdu3blzjGQ9bi0hMO1qZ8ZJ3ckw<\/a>\u00a0<\/strong><\/p>\n<p style=\"text-align: justify;\">Il racconto della bellezza. L\u2019immagine del Natale nel presepe napoletano.<\/p>\n<p style=\"text-align: justify;\">Un monumentale presepe con oltre 100 figure settecentesche e ottocentesche proveniente dal Museo delle Civilt\u00e0 di Roma.<\/p>\n<p style=\"text-align: justify;\">L\u2019evento \u00e8 adatto anche ai bambini.<\/p>\n<p style=\"text-align: justify;\">L\u2019iniziativa inaugura un articolato progetto di collaborazione tra Ministero degli Affari Esteri e della Cooperazione Internazionale &#8211; Direzione Generale per la Diplomazia Pubblica e Culturale, e Ministero della Cultura &#8211; Direzione Generale Musei, a celebrazione dei 100 anni dalla fondazione dell&#8217;Istituto Italiano di Cultura di Praga. Il progetto intende valorizzare all\u2019estero il patrimonio custodito dai musei italiani, per consentirne la conoscenza e la fruizione da parte di un pi\u00f9 vasto pubblico internazionale.<\/p>\n<p style=\"text-align: justify;\">____________________________________________________________________<\/p>\n<p style=\"text-align: justify;\"><strong>CONCERTO DELL&#8217;ORCHESTRA DEL TEATRO SAN CARLO DI NAPOLI<\/strong><\/p>\n<p style=\"text-align: justify;\"><strong>Direttore &#8211; Maurizio Agostini<\/strong><\/p>\n<p style=\"text-align: justify;\"><strong>data e ora: 18\/12\/2022 alle ore 19:30<\/strong><\/p>\n<p style=\"text-align: justify;\"><strong>posto:\u00a0Rudolfinum, Sala Dvo\u0159\u00e1k &#8211;\u00a0Al\u0161ovo n\u00e1b\u0159e\u017e\u00ed 79\/12 &#8211;\u00a0110 00 Praga 1<\/strong><\/p>\n<p><strong>I biglietti gratuiti, fino all\u2019esaurimento dei posti, si possono prenotare al seguente link:<\/strong><\/p>\n<p><strong><a href=\"https:\/\/www.eventbrite.com\/e\/biglietti-teatro-san-carlo-di-napoli-gala-dopera-476414196687\">https:\/\/www.eventbrite.com\/e\/biglietti-teatro-san-carlo-di-napoli-gala-dopera-476414196687<\/a>\u00a0<\/strong><\/p>\n<p>In alternativa, e una volta esauriti i posti gratuiti, i biglietti si possono acquistare al seguente link:<\/p>\n<p><strong><a href=\"https:\/\/www.rudolfinum.cz\/event\/28858-operni-gala-teatro-san-carlo-neapol\/\">https:\/\/www.rudolfinum.cz\/event\/28858-operni-gala-teatro-san-carlo-neapol\/<\/a><\/strong>\u00a0<\/p>\n<p style=\"text-align: justify;\">L\u2019Orchestra e l\u2019Accademia di Canto del Teatro di San Carlo\u00a0di Napoli, il pi\u00f9 antico teatro d\u2019opera del mondo in attivit\u00e0\u00a0dalla sua fondazione, propongono pagine immortali di\u00a0Rossini, Donizetti, Bellini, e Verdi.<\/p>\n<p style=\"text-align: justify;\">L&#8217;evento \u00e8 promosso dal Ministero degli Affari Esteri e della Cooperazione Internazionale &#8211; Direzione Generale per la Diplomazia pubblica e Culturale, in collaborazione con\u00a0l\u2019Ambasciata d\u2019Italia e l\u2019Istituto Italiano di Cultura di Praga, per celebrare 100 anni dalla sua\u00a0fondazione.<\/p>\n","protected":false},"excerpt":{"rendered":"Vernissage &#8211; Presepe Napoletano data e ora: 18\/12\/2022 alle ore 11:30 posto: Cappella barocca Istituto Italiano di Cultura &#8211; \u0160porkova 14 (Entrata Vla\u0161sk\u00e1) &#8211; 118 00 Praga 1 Ingresso gratuito. Registrazione necessaria: https:\/\/www.eventbrite.it\/e\/biglietti-il-racconto-della-bellezza-limmagine-del-natale-nel-presepe-napoletano-475087117357?fbclid=IwAR3sulO7FP_GJq8CiNspL1s18a_UIY1ORdu3blzjGQ9bi0hMO1qZ8ZJ3ckw\u00a0 Il racconto della bellezza. L\u2019immagine del Natale nel presepe napoletano. Un monumentale presepe con oltre 100 figure settecentesche e ottocentesche proveniente dal [&hellip;]","protected":false},"author":1,"featured_media":0,"comment_status":"","ping_status":"","sticky":false,"template":"","format":"standard","meta":{"footnotes":""},"tags":[],"class_list":["post-1286","post","type-post","status-publish","format-standard","hentry"],"_links":{"self":[{"href":"https:\/\/ambpraga.esteri.it\/en\/wp-json\/wp\/v2\/posts\/1286","targetHints":{"allow":["GET"]}}],"collection":[{"href":"https:\/\/ambpraga.esteri.it\/en\/wp-json\/wp\/v2\/posts"}],"about":[{"href":"https:\/\/ambpraga.esteri.it\/en\/wp-json\/wp\/v2\/types\/post"}],"author":[{"embeddable":true,"href":"https:\/\/ambpraga.esteri.it\/en\/wp-json\/wp\/v2\/users\/1"}],"replies":[{"embeddable":true,"href":"https:\/\/ambpraga.esteri.it\/en\/wp-json\/wp\/v2\/comments?post=1286"}],"version-history":[{"count":0,"href":"https:\/\/ambpraga.esteri.it\/en\/wp-json\/wp\/v2\/posts\/1286\/revisions"}],"wp:attachment":[{"href":"https:\/\/ambpraga.esteri.it\/en\/wp-json\/wp\/v2\/media?parent=1286"}],"wp:term":[{"taxonomy":"post_tag","embeddable":true,"href":"https:\/\/ambpraga.esteri.it\/en\/wp-json\/wp\/v2\/tags?post=1286"}],"curies":[{"name":"wp","href":"https:\/\/api.w.org\/{rel}","templated":true}]}}