{"id":10862,"date":"2026-09-04T15:06:50","date_gmt":"2026-09-04T13:06:50","guid":{"rendered":"https:\/\/ambpraga.esteri.it\/?p=10862"},"modified":"2026-09-04T15:06:50","modified_gmt":"2026-09-04T13:06:50","slug":"in-ambasciata-una-mostra-dedicata-alle-alfa-romeo-storiche-in-occasione-del-xxxvii-rally-internazionale-in-boemia","status":"publish","type":"post","link":"https:\/\/ambpraga.esteri.it\/it\/news\/dall_ambasciata\/2026\/09\/in-ambasciata-una-mostra-dedicata-alle-alfa-romeo-storiche-in-occasione-del-xxxvii-rally-internazionale-in-boemia\/","title":{"rendered":"In Ambasciata una mostra dedicata alle Alfa Romeo storiche in occasione del XXXVII Rally Internazionale in Boemia"},"content":{"rendered":"<p>L\u2019Ambasciata d\u2019Italia a Praga, in collaborazione con il Registro Italiano Alfa Romeo (RIAR), ospiter\u00e0 il 7 e l\u20198 settembre 2026, nel cortile della Sede in Nerudova 20, una mostra di auto storiche Alfa Romeo, nell\u2019ambito del XXXVII Rally Internazionale in Boemia. L\u2019esposizione sar\u00e0 aperta al pubblico dalle ore 16.30 alle ore 19.00 e offrir\u00e0 l\u2019occasione di ammirare alcuni esemplari rappresentativi della storia della Casa automobilistica italiana, riuniti a Praga in occasione della tappa principale del XXXVII Rally Internazionale in Boemia, in programma dal 2 al 9 settembre 2026, che sta portando le Alfa Romeo attraverso alcuni dei luoghi pi\u00f9 suggestivi della Repubblica Ceca.<br \/>\nL\u2019iniziativa intende valorizzare uno dei marchi che maggiormente hanno contribuito alla storia dell\u2019automobilismo italiano e alla sua affermazione internazionale. Fondata a Milano nel 1910, Alfa Romeo ha legato il proprio nome non soltanto alle competizioni sportive, ma anche a una concezione dell\u2019automobile nella quale innovazione tecnica, design e cultura industriale italiana si sono sviluppati insieme nel corso di oltre un secolo.<br \/>\nCome ha sottolineato l\u2019Ambasciatore Alessandro Gaudiano: \u201cLa tappa praghese assume un particolare significato anche per i parallelismi nel ruolo svolto dell\u2019industria automobilistica in Italia e in Repubblica Ceca, come motore di attivit\u00e0 economica, di benessere e di creativit\u00e0, capace di conferire al prodotto auto un valore iconico carico di contenuti simbolici. Il contesto che la ospita riflette questo parallelismo italo-ceco: le vetture saranno esposte nel cortile storico dell\u2019Ambasciata d\u2019Italia, nel cuore di Mal\u00e1 Strana, creando un incontro tra patrimonio architettonico praghese e design italiano\u201d.<br \/>\nLa manifestazione si inserisce nell\u2019attivit\u00e0 dell\u2019Ambasciata volta a promuovere in Repubblica Ceca le eccellenze italiane e la cultura del Made in Italy, in particolare attraverso quei settori nei quali tradizione, capacit\u00e0 manifatturiera e innovazione hanno costruito nel tempo un\u2019immagine dell\u2019Italia riconoscibile nel mondo e che allo stesso tempo trovano in Repubblica Ceca risonanze parallele. Il XXXVII Rally internazionale del RIAR porter\u00e0 le Alfa Romeo e i loro equipaggi a scoprire alcuni dei luoghi pi\u00f9 suggestivi della Repubblica Ceca. La mostra del 7 e 8 settembre consentir\u00e0 al pubblico praghese di scoprire alcune delle pi\u00f9 belle vetture del marchio Alfa Romeo e di avvicinarsi alla storia che esse rappresentano.<\/p>\n","protected":false},"excerpt":{"rendered":"L\u2019Ambasciata d\u2019Italia a Praga, in collaborazione con il Registro Italiano Alfa Romeo (RIAR), ospiter\u00e0 il 7 e l\u20198 settembre 2026, nel cortile della Sede in Nerudova 20, una mostra di auto storiche Alfa Romeo, nell\u2019ambito del XXXVII Rally Internazionale in Boemia. L\u2019esposizione sar\u00e0 aperta al pubblico dalle ore 16.30 alle ore 19.00 e offrir\u00e0 l\u2019occasione [&hellip;]","protected":false},"author":15,"featured_media":10864,"comment_status":"closed","ping_status":"closed","sticky":false,"template":"","format":"standard","meta":{"footnotes":""},"tags":[],"class_list":["post-10862","post","type-post","status-publish","format-standard","has-post-thumbnail","hentry"],"_links":{"self":[{"href":"https:\/\/ambpraga.esteri.it\/it\/wp-json\/wp\/v2\/posts\/10862","targetHints":{"allow":["GET"]}}],"collection":[{"href":"https:\/\/ambpraga.esteri.it\/it\/wp-json\/wp\/v2\/posts"}],"about":[{"href":"https:\/\/ambpraga.esteri.it\/it\/wp-json\/wp\/v2\/types\/post"}],"author":[{"embeddable":true,"href":"https:\/\/ambpraga.esteri.it\/it\/wp-json\/wp\/v2\/users\/15"}],"replies":[{"embeddable":true,"href":"https:\/\/ambpraga.esteri.it\/it\/wp-json\/wp\/v2\/comments?post=10862"}],"version-history":[{"count":1,"href":"https:\/\/ambpraga.esteri.it\/it\/wp-json\/wp\/v2\/posts\/10862\/revisions"}],"predecessor-version":[{"id":10872,"href":"https:\/\/ambpraga.esteri.it\/it\/wp-json\/wp\/v2\/posts\/10862\/revisions\/10872"}],"wp:featuredmedia":[{"embeddable":true,"href":"https:\/\/ambpraga.esteri.it\/it\/wp-json\/wp\/v2\/media\/10864"}],"wp:attachment":[{"href":"https:\/\/ambpraga.esteri.it\/it\/wp-json\/wp\/v2\/media?parent=10862"}],"wp:term":[{"taxonomy":"post_tag","embeddable":true,"href":"https:\/\/ambpraga.esteri.it\/it\/wp-json\/wp\/v2\/tags?post=10862"}],"curies":[{"name":"wp","href":"https:\/\/api.w.org\/{rel}","templated":true}]}}