{"id":1264,"date":"2023-05-22T08:19:12","date_gmt":"2023-05-22T06:19:12","guid":{"rendered":"https:\/\/ambpraga.esteri.it\/?p=1264"},"modified":"2023-05-23T08:52:20","modified_gmt":"2023-05-23T06:52:20","slug":"istituto-italiano-di-istruzione","status":"publish","type":"post","link":"https:\/\/ambpraga.esteri.it\/it\/news\/dall_ambasciata\/2023\/05\/istituto-italiano-di-istruzione\/","title":{"rendered":"Istituto italiano di istruzione"},"content":{"rendered":"<p style=\"text-align: justify;\">L&#8217; Istituto italiano di istruzione, \u00e8 una realt\u00e0 presente a Praga da 20 anni con la finalit\u00e0 di promuovere e sostenere tra le giovani generazioni la lingua e la cultura italiana accrescendo anche il senso di identit\u00e0 della comunit\u00e0 italiana all&#8217;estero.<\/p>\n<p style=\"text-align: justify;\">\u00a0L&#8217;obiettivo \u00e8 l&#8217;insegnamento, dal pre-scuola alle classi medie, della grammatica, della storia e della geografia italiane, in italiano. Sono aperte inoltre classi di scuola materna per i bambini dai 3 ai 6 anni durante i quali si svolgono attivit\u00e0 ludiche e didattiche sempre in lingua italiana.<\/p>\n<p style=\"text-align: justify;\">\u00c8 importante sottolineare che l&#8217;offerta formativa \u00e8 inerente al piano di studi previsto dal Ministero dell&#8217;Istruzione italiano ed \u00e8 coadiuvato da materiali didattici in uso nella scuola italiana dell&#8217;obbligo.<\/p>\n<p style=\"text-align: justify;\">Al termine del percorso scolastico annuale viene rilasciato un attestato di frequenza riconosciuto dal MAECI che consente l&#8217;inserimento del bambino nella scuola italiana nel proprio anno di riferimento, senza che debba sostenere esami di ammissione.<\/p>\n<p style=\"text-align: justify;\">L&#8217;Ambasciata italiana a Praga ha svolto e svolge l&#8217;importante ruolo di tramite tra l&#8217;Istituto italiano d&#8217;istruzione e il MAECI.<\/p>\n<p style=\"text-align: justify;\">\u00a0Oltre alla programmazione scolastica regolare sopra descritta, l&#8217;Istituto italiano d&#8217;istruzione si propone anche di attuare progetti specifici multidisciplinari come, ad esempio, il progetto di educazione alimentare iniziato quest&#8217;anno e che sar\u00e0 sviluppato anche nel prossimo anno. Inoltre, in occasione del centenario della morte dell&#8217;architetto Giovanni Biagio Santini (1677\u20131723), \u00e8 stata svolta una visita didattica con il tema dell&#8217;architettura italiana a Praga.<\/p>\n<p style=\"text-align: justify;\">Riservate ed assicuratevi, dunque il posto per i vostri bambini e \/o ragazzi, le iscrizioni sono gi\u00e0 aperte!<\/p>\n<p style=\"text-align: justify;\">Per Info scrivete a <a href=\"mailto:corsi@scuolaitaliana.cz\">corsi@scuolaitaliana.cz<\/a>.<\/p>\n","protected":false},"excerpt":{"rendered":"L&#8217; Istituto italiano di istruzione, \u00e8 una realt\u00e0 presente a Praga da 20 anni con la finalit\u00e0 di promuovere e sostenere tra le giovani generazioni la lingua e la cultura italiana accrescendo anche il senso di identit\u00e0 della comunit\u00e0 italiana all&#8217;estero. \u00a0L&#8217;obiettivo \u00e8 l&#8217;insegnamento, dal pre-scuola alle classi medie, della grammatica, della storia e della [&hellip;]","protected":false},"author":5,"featured_media":1813,"comment_status":"closed","ping_status":"closed","sticky":false,"template":"","format":"standard","meta":{"footnotes":""},"tags":[],"class_list":["post-1264","post","type-post","status-publish","format-standard","has-post-thumbnail","hentry"],"_links":{"self":[{"href":"https:\/\/ambpraga.esteri.it\/it\/wp-json\/wp\/v2\/posts\/1264","targetHints":{"allow":["GET"]}}],"collection":[{"href":"https:\/\/ambpraga.esteri.it\/it\/wp-json\/wp\/v2\/posts"}],"about":[{"href":"https:\/\/ambpraga.esteri.it\/it\/wp-json\/wp\/v2\/types\/post"}],"author":[{"embeddable":true,"href":"https:\/\/ambpraga.esteri.it\/it\/wp-json\/wp\/v2\/users\/5"}],"replies":[{"embeddable":true,"href":"https:\/\/ambpraga.esteri.it\/it\/wp-json\/wp\/v2\/comments?post=1264"}],"version-history":[{"count":0,"href":"https:\/\/ambpraga.esteri.it\/it\/wp-json\/wp\/v2\/posts\/1264\/revisions"}],"wp:featuredmedia":[{"embeddable":true,"href":"https:\/\/ambpraga.esteri.it\/it\/wp-json\/wp\/v2\/media\/1813"}],"wp:attachment":[{"href":"https:\/\/ambpraga.esteri.it\/it\/wp-json\/wp\/v2\/media?parent=1264"}],"wp:term":[{"taxonomy":"post_tag","embeddable":true,"href":"https:\/\/ambpraga.esteri.it\/it\/wp-json\/wp\/v2\/tags?post=1264"}],"curies":[{"name":"wp","href":"https:\/\/api.w.org\/{rel}","templated":true}]}}