{"id":1267,"date":"2023-03-24T11:36:43","date_gmt":"2023-03-24T10:36:43","guid":{"rendered":"https:\/\/ambpraga.esteri.it\/news\/dall_ambasciata\/2023\/03\/concerto-di-vittorio-grigolo\/"},"modified":"2023-10-09T12:24:16","modified_gmt":"2023-10-09T10:24:16","slug":"concerto-di-vittorio-grigolo","status":"publish","type":"post","link":"https:\/\/ambpraga.esteri.it\/it\/news\/dall_ambasciata\/2023\/03\/concerto-di-vittorio-grigolo\/","title":{"rendered":"Concerto di Vittorio Grigolo"},"content":{"rendered":"<p style=\"text-align: justify;\">Originario di Arezzo, Vittorio Grig\u00f2lo ha iniziato la sua carriera di cantante all&#8217;et\u00e0 di nove anni come solista nel coro della Cappella Sistina. Quattro anni pi\u00f9 tardi ha debuttato all&#8217;Opera di Roma accanto a Luciano Pavarotti, nel ruolo del pastore nella Tosca di Puccini, guadagnandosi il soprannome di &#8220;Pavarottino&#8221;. Oggi \u00e8 considerato uno dei migliori tenori della sua generazione.<\/p>\n<p style=\"text-align: justify;\">Vittorio Grigolo \u00e8 letteralmente balzato a vertici del mondo operistico con il suo trionfale debutto al Covent Garden di Londra nel giugno 2010 come Cavaliere Des Grieux nella Manon di Massenet. Solo quattro mesi pi\u00f9 tardi ha debuttato con altrettanto successo al Metropolitan Opera come Rodolfo ne La boh\u00e8me di Puccini.<\/p>\n<p style=\"text-align: justify;\">Il carismatico tenore italiano presenter\u00e0 nella sala Dvo\u0159\u00e1k di Praga lo stesso programma interpretato meno di due mesi fa alla Scala di Milano.<\/p>\n<p style=\"text-align: justify;\">Sar\u00e0 accompagnato dal celebre pianista italiano Vincenzo Scalera, partner pianistico di molti cantanti famosi.<\/p>\n<p style=\"text-align: justify;\">Il concerto si tiene con il patrocinio di S.E. Mauro Marsili, Ambasciatore d&#8217;Italia in Repubblica Ceca.<\/p>\n<p style=\"text-align: justify;\"><strong>Domenica 16. 4. 2023 ore 19.30<\/strong><\/p>\n<p style=\"text-align: justify;\"><strong>Sala Dvo\u0159\u00e1k, Rudolfinum, Praga, Al\u0161ovo n\u00e1b\u0159. 12<\/strong><\/p>\n<p style=\"text-align: justify;\"><strong>Per maggiorni informazioni e biglietti: <a href=\"https:\/\/www.nachtigallartists.cz\/en\/projects\/vittorio-grigolo-2023\">https:\/\/www.nachtigallartists.cz\/en\/projects\/vittorio-grigolo-2023<\/a><\/strong><\/p>\n<p style=\"text-align: justify;\"><strong>Ingresso : A pagamento<\/strong><\/p>\n","protected":false},"excerpt":{"rendered":"Originario di Arezzo, Vittorio Grig\u00f2lo ha iniziato la sua carriera di cantante all&#8217;et\u00e0 di nove anni come solista nel coro della Cappella Sistina. Quattro anni pi\u00f9 tardi ha debuttato all&#8217;Opera di Roma accanto a Luciano Pavarotti, nel ruolo del pastore nella Tosca di Puccini, guadagnandosi il soprannome di &#8220;Pavarottino&#8221;. Oggi \u00e8 considerato uno dei migliori [&hellip;]","protected":false},"author":1,"featured_media":0,"comment_status":"closed","ping_status":"closed","sticky":false,"template":"","format":"standard","meta":{"footnotes":""},"tags":[],"class_list":["post-1267","post","type-post","status-publish","format-standard","hentry"],"_links":{"self":[{"href":"https:\/\/ambpraga.esteri.it\/it\/wp-json\/wp\/v2\/posts\/1267","targetHints":{"allow":["GET"]}}],"collection":[{"href":"https:\/\/ambpraga.esteri.it\/it\/wp-json\/wp\/v2\/posts"}],"about":[{"href":"https:\/\/ambpraga.esteri.it\/it\/wp-json\/wp\/v2\/types\/post"}],"author":[{"embeddable":true,"href":"https:\/\/ambpraga.esteri.it\/it\/wp-json\/wp\/v2\/users\/1"}],"replies":[{"embeddable":true,"href":"https:\/\/ambpraga.esteri.it\/it\/wp-json\/wp\/v2\/comments?post=1267"}],"version-history":[{"count":1,"href":"https:\/\/ambpraga.esteri.it\/it\/wp-json\/wp\/v2\/posts\/1267\/revisions"}],"predecessor-version":[{"id":2141,"href":"https:\/\/ambpraga.esteri.it\/it\/wp-json\/wp\/v2\/posts\/1267\/revisions\/2141"}],"wp:attachment":[{"href":"https:\/\/ambpraga.esteri.it\/it\/wp-json\/wp\/v2\/media?parent=1267"}],"wp:term":[{"taxonomy":"post_tag","embeddable":true,"href":"https:\/\/ambpraga.esteri.it\/it\/wp-json\/wp\/v2\/tags?post=1267"}],"curies":[{"name":"wp","href":"https:\/\/api.w.org\/{rel}","templated":true}]}}