{"id":1331,"date":"2022-03-18T22:15:51","date_gmt":"2022-03-18T21:15:51","guid":{"rendered":"https:\/\/ambpraga.esteri.it\/news\/dall_ambasciata\/2022\/03\/rome-expo-2030\/"},"modified":"2022-03-18T22:15:51","modified_gmt":"2022-03-18T21:15:51","slug":"rome-expo-2030","status":"publish","type":"post","link":"https:\/\/ambpraga.esteri.it\/it\/news\/dall_ambasciata\/2022\/03\/rome-expo-2030\/","title":{"rendered":"ROME EXPO 2030"},"content":{"rendered":"<p style=\"text-align: justify;\">LA CAPITALE D&#8217;ITALIA SI CANDIDA A EXPO 2030<\/p>\n<p style=\"text-align: justify;\">Unica capitale dell\u2019Unione Europea a candidarsi a Expo 2030, nel suo sviluppo di quasi tremila anni, Roma \u00e8 stata capace di reinventarsi attraverso i secoli, fino a meritarsi l\u2019appellativo di \u201ccitt\u00e0 eterna\u201d.<\/p>\n<p style=\"text-align: justify;\">Le sue radici, che affondano nella continua spinta all\u2019innovazione, all\u2019arte e all\u2019integrazione tra fedi e culture, oggi diventano il nuovo punto di partenza verso un futuro di accoglienza e di vivibilit\u00e0.<\/p>\n<p style=\"text-align: justify;\">Expo 2030 \u00e8 l\u2019opportunit\u00e0 ideale per trasformare Roma, nell\u2019immaginario collettivo, da culla della civilt\u00e0, che ha diffuso nel mondo il modello di citt\u00e0 per eccellenza, a citt\u00e0 intelligente capace di far convivere l\u2019inestimabile ricchezza del passato con uno slancio energico verso il futuro e le sue sfide.<\/p>\n<p style=\"text-align: justify;\">La candidatura di Roma a ospitare l\u2019Expo 2030, avviata dal Governo e portata avanti dal Comitato promotore e da Roma Capitale, \u00e8 stata presentata ufficialmente nel Padiglione Italia a Expo 2020 Dubai.<\/p>\n<p style=\"text-align: justify;\">Tutti i dettagli sulla candidatura sono illustrati sul sito <a href=\"http:\/\/www.romeexpo2030.com\">www.romeexpo2030.com<\/a>\u00a0<\/p>\n<p style=\"text-align: justify;\">Video: <a href=\"https:\/\/twitter.com\/i\/status\/1505167204572041218\" target=\"_blank\" rel=\"noopener\">Logo Presentation<\/a><\/p>\n<p style=\"text-align: justify;\">Video: <a href=\"https:\/\/twitter.com\/i\/status\/1505529596564885507\" target=\"_blank\" rel=\"noopener\">Rome\u2019s candidacy<\/a><\/p>\n<p style=\"text-align: justify;\">Brochure: <a href=\"resource\/doc\/2022\/03\/expo_2030_roma_presentation_-_12-2021.pdf\" target=\"_blank\" rel=\"noopener\">Expo 2030 Roma Presentation<\/a><\/p>\n<p style=\"text-align: justify;\">____________________________________________________________________<\/p>\n<p style=\"text-align: justify;\">La dodicesima edizione dell\u2019Italian Wine Emotion di Praga \u00e8 stata l\u2019occasione per celebrare un anno dal lancio della campagna mondiale di nation branding BeIT, che ha nella Repubblica ceca uno dei Paesi obiettivo. L\u2019Italian Wine Emotion 2022 ci ha offerto inoltre l\u2019opportunit\u00e0 di promuovere la candidatura di Roma ad ospitare EXPO 2030; Roma \u00e8 l\u2019unica citt\u00e0 europea candidata ed \u00e8 un modo per riportare l\u2019EXPO in Europa, oltre che in Italia, dopo il successo di Milano nel 2015.<\/p>\n<p style=\"text-align: justify;\">#beit #expo2030roma #camic<\/p>\n<p style=\"text-align: justify;\"><iframe loading=\"lazy\" src=\"https:\/\/www.youtube.com\/embed\/YTSmZoEQYSY\" frameborder=\"0\" width=\"681\" height=\"383\" allowfullscreen=\"allowfullscreen\" title=\"Italian Wine Emotion EXPO BeIT 2022\" allow=\"accelerometer; autoplay; clipboard-write; encrypted-media; gyroscope; picture-in-picture\"><\/iframe><\/p>\n<p style=\"text-align: justify;\">____________________________________________________________________<\/p>\n<p style=\"text-align: justify;\">Expo 2030 Roma | Intro logo animation<\/p>\n<p style=\"text-align: justify;\">Video del 18 nov 2022<\/p>\n<p style=\"text-align: justify;\"><iframe loading=\"lazy\" src=\"https:\/\/www.youtube.com\/embed\/dEj9OOPcRCk\" frameborder=\"0\" width=\"680\" height=\"383\" allowfullscreen=\"allowfullscreen\" title=\"Intro logo animation Expo 2030 Roma\" allow=\"accelerometer; autoplay; clipboard-write; encrypted-media; gyroscope; picture-in-picture\"><\/iframe><\/p>\n<p style=\"text-align: justify;\"><span style=\"text-align: justify;\">____________________________________________________________________<\/span><\/p>\n<p style=\"text-align: justify;\">Expo 2030 Roma |\u00a0Festival del Cinema di Roma<\/p>\n<p style=\"text-align: justify;\">Video del 18 nov 2022<\/p>\n<p style=\"text-align: justify;\"><iframe loading=\"lazy\" src=\"https:\/\/www.youtube.com\/embed\/Y_WXKjGPSYk\" frameborder=\"0\" width=\"680\" height=\"383\" allowfullscreen=\"allowfullscreen\" title=\"Video Expo2030   Festival del Cinema di Roma\" allow=\"accelerometer; autoplay; clipboard-write; encrypted-media; gyroscope; picture-in-picture\"><\/iframe><\/p>\n<p style=\"text-align: justify;\">____________________________________________________________________<\/p>\n<p style=\"text-align: justify;\">Expo 2030 Roma\u00a0|\u00a0the culture of agriculture<\/p>\n<p style=\"text-align: justify;\">Video del 18 nov 2022<\/p>\n<p style=\"text-align: justify;\"><iframe loading=\"lazy\" src=\"https:\/\/www.youtube.com\/embed\/z6V0yMWqgiI\" frameborder=\"0\" width=\"680\" height=\"383\" allowfullscreen=\"allowfullscreen\" title=\"EXPO 2030 ROMA the culture of agriculture\" allow=\"accelerometer; autoplay; clipboard-write; encrypted-media; gyroscope; picture-in-picture\"><\/iframe><\/p>\n<p style=\"text-align: justify;\">____________________________________________________________________<\/p>\n<p style=\"text-align: justify;\">Expo 2030 Roma | Stati Generali &#8211; The Rome you don&#8217;t expect<\/p>\n<p style=\"text-align: justify;\">Video del 25 ago 2022<\/p>\n<p style=\"text-align: justify;\"><iframe loading=\"lazy\" src=\"https:\/\/www.youtube.com\/embed\/nlv3PfLSd-c\" frameborder=\"0\" width=\"680\" height=\"383\" allowfullscreen=\"allowfullscreen\" title=\"Expo 2030 Roma | Stati Generali - The Rome you don't expect\" allow=\"accelerometer; autoplay; clipboard-write; encrypted-media; gyroscope; picture-in-picture\"><\/iframe><\/p>\n<p style=\"text-align: justify;\">____________________________________________________________________<\/p>\n<p style=\"text-align: justify;\">20 June 2022 Paris &#8211; Intro video presentation (SUB ITA)<\/p>\n<p style=\"text-align: justify;\">Video del\u00a022 giu 2022<\/p>\n<p style=\"text-align: justify;\"><iframe loading=\"lazy\" src=\"https:\/\/www.youtube.com\/embed\/mDIchyVqQWY\" frameborder=\"0\" width=\"680\" height=\"383\" allowfullscreen=\"allowfullscreen\" title=\"20 June 2022 Paris - Intro video presentation (SUB ITA)\" allow=\"accelerometer; autoplay; clipboard-write; encrypted-media; gyroscope; picture-in-picture\"><\/iframe><\/p>\n<p style=\"text-align: justify;\">____________________________________________________________________<\/p>\n<p style=\"text-align: justify;\">Expo 2030 Roma (ENG sub ENG)<\/p>\n<p style=\"text-align: justify;\">Video del 3 mar 2022<\/p>\n<p style=\"text-align: justify;\"><iframe loading=\"lazy\" src=\"https:\/\/www.youtube.com\/embed\/qmrnzxKCTt0?list=PLyFruwDvPSWNQlKVQ4ScJSFbWfzG-PUOQ\" frameborder=\"0\" width=\"680\" height=\"383\" allowfullscreen=\"allowfullscreen\" title=\"Expo 2030 Roma (ENG sub ENG)\" allow=\"accelerometer; autoplay; clipboard-write; encrypted-media; gyroscope; picture-in-picture\"><\/iframe><\/p>\n<p style=\"text-align: justify;\">____________________________________________________________________<\/p>\n<p style=\"text-align: justify;\">Expo 2030 Roma | People and Territories: \u200b\u200bUrban Regeneration, Inclusion and Innovation<\/p>\n<p style=\"text-align: justify;\">Video del\u00a03 mar 2022<\/p>\n<p style=\"text-align: justify;\"><iframe loading=\"lazy\" src=\"https:\/\/www.youtube.com\/embed\/bFOfLXe2MBI\" frameborder=\"0\" width=\"680\" height=\"383\" allowfullscreen=\"allowfullscreen\" title=\"Expo 2030 Roma | People and Territories: \u200b\u200bUrban Regeneration, Inclusion and Innovation\" allow=\"accelerometer; autoplay; clipboard-write; encrypted-media; gyroscope; picture-in-picture\"><\/iframe><\/p>\n","protected":false},"excerpt":{"rendered":"LA CAPITALE D&#8217;ITALIA SI CANDIDA A EXPO 2030 Unica capitale dell\u2019Unione Europea a candidarsi a Expo 2030, nel suo sviluppo di quasi tremila anni, Roma \u00e8 stata capace di reinventarsi attraverso i secoli, fino a meritarsi l\u2019appellativo di \u201ccitt\u00e0 eterna\u201d. Le sue radici, che affondano nella continua spinta all\u2019innovazione, all\u2019arte e all\u2019integrazione tra fedi e [&hellip;]","protected":false},"author":1,"featured_media":0,"comment_status":"","ping_status":"","sticky":false,"template":"","format":"standard","meta":{"footnotes":""},"tags":[],"class_list":["post-1331","post","type-post","status-publish","format-standard","hentry"],"_links":{"self":[{"href":"https:\/\/ambpraga.esteri.it\/it\/wp-json\/wp\/v2\/posts\/1331","targetHints":{"allow":["GET"]}}],"collection":[{"href":"https:\/\/ambpraga.esteri.it\/it\/wp-json\/wp\/v2\/posts"}],"about":[{"href":"https:\/\/ambpraga.esteri.it\/it\/wp-json\/wp\/v2\/types\/post"}],"author":[{"embeddable":true,"href":"https:\/\/ambpraga.esteri.it\/it\/wp-json\/wp\/v2\/users\/1"}],"replies":[{"embeddable":true,"href":"https:\/\/ambpraga.esteri.it\/it\/wp-json\/wp\/v2\/comments?post=1331"}],"version-history":[{"count":0,"href":"https:\/\/ambpraga.esteri.it\/it\/wp-json\/wp\/v2\/posts\/1331\/revisions"}],"wp:attachment":[{"href":"https:\/\/ambpraga.esteri.it\/it\/wp-json\/wp\/v2\/media?parent=1331"}],"wp:term":[{"taxonomy":"post_tag","embeddable":true,"href":"https:\/\/ambpraga.esteri.it\/it\/wp-json\/wp\/v2\/tags?post=1331"}],"curies":[{"name":"wp","href":"https:\/\/api.w.org\/{rel}","templated":true}]}}