{"id":1375,"date":"2021-11-04T13:44:30","date_gmt":"2021-11-04T12:44:30","guid":{"rendered":"https:\/\/ambpraga.esteri.it\/news\/dall_ambasciata\/2021\/11\/prague-climate-coalition-statement\/"},"modified":"2021-11-04T13:44:30","modified_gmt":"2021-11-04T12:44:30","slug":"prague-climate-coalition-statement","status":"publish","type":"post","link":"https:\/\/ambpraga.esteri.it\/it\/news\/dall_ambasciata\/2021\/11\/prague-climate-coalition-statement\/","title":{"rendered":"Prague Climate coalition statement"},"content":{"rendered":"<p>We, Heads of Diplomatic Missions in Prague, join together during COP 26 in Glasgow to express our hope that the world will find a way forward in this crucial moment. Six years after the unprecedented Paris Agreement, which saw world leaders committing to keep global temperatures from rising more than 2\u00b0C &#8211; and if possible 1,5\u00b0C &#8211; above pre-industrial levels, the world has not done enough. COP 26 is a crucial opportunity to keep the 1,5\u00b0C limit alive.<\/p>\n<p>Climate change affects us all. The nations suffering most from this crisis are already amongst the world\u2019s most fragile, and changing climate threatens to displace millions of people. We also see the effects of climate change much closer to home, in Central Europe, with more extreme weather conditions over the last years \u2013 drought, floods, tornadoes, high temperatures.<\/p>\n<p>Global threats can only be countered with global action. But that can only happen through individual actors. The Czech Republic is a member of the EU which aims to achieve carbon neutrality by 2050. It is not an easy task, but we are all on the same path and we can support each other and work together. We, the Prague Climate Coalition of likeminded Diplomatic Missions in Prague, are looking forward to working closely with the new Czech government, parliament, civil society and other stakeholders to share best-practice and experiences on the path towards carbon neutrality. Every contribution counts and only together can we make the world a better place for future generations.<\/p>\n<p>Follow the latest developments at #COP26 throughout the two first weeks in November and check out our activities on our social networks #PragueClimateCoalition.<\/p>\n<p>\u00a0<\/p>\n<p>&#8212;&#8212;&#8212;&#8212;&#8212;&#8212;&#8212;&#8212;&#8212;&#8212;&#8212;&#8212;&#8212;&#8212;&#8212;&#8212;&#8212;&#8212;-<\/p>\n<p>\u00a0<\/p>\n<p>My, z\u00e1stupci diplomatick\u00fdch mis\u00ed v Praze, bychom u p\u0159\u00edle\u017eitosti konference COP26 v Glasgow spole\u010dn\u011b r\u00e1di vyj\u00e1d\u0159ili nad\u011bji, \u017ee sv\u011bt v tomto kl\u00ed\u010dov\u00e9m okam\u017eiku najde cestu vp\u0159ed. Od bezprecedentn\u00ed Pa\u0159\u00ed\u017esk\u00e9 dohody v n\u00ed\u017e se sv\u011btov\u00ed l\u00edd\u0159i zav\u00e1zali, \u017ee zabr\u00e1n\u00ed r\u016fstu glob\u00e1ln\u00edch teplot o v\u00edce ne\u017e 2 \u00b0C \u2013 a pokud mo\u017eno o 1,5 \u00b0C \u2013 oproti p\u0159edindustri\u00e1ln\u00ed \u00farovni, uplynulo ji\u017e \u0161est let, ale sv\u011bt st\u00e1le neud\u011blal dost. COP26 p\u0159edstavuje z\u00e1sadn\u00ed p\u0159\u00edle\u017eitost, jak udr\u017eet c\u00edl 1,5 \u00b0C v dosahu.<\/p>\n<p>Zm\u011bna klimatu se t\u00fdk\u00e1 n\u00e1s v\u0161ech. N\u00e1rody, kter\u00e9 jsou touto kriz\u00ed posti\u017eeny nejv\u00edce, ji\u017e pat\u0159\u00ed mezi nejzraniteln\u011bj\u0161\u00ed zem\u011b a m\u011bn\u00edc\u00ed se klima m\u016f\u017ee vyhnat z domov\u016f miliony lid\u00ed. D\u016fsledky zm\u011bny klimatu vid\u00edme tak\u00e9 mnohem bl\u00ed\u017e k domovu, ve st\u0159edn\u00ed Evrop\u011b, kter\u00e1 se v posledn\u00edch letech pot\u00fdk\u00e1 se st\u00e1le extr\u00e9mn\u011bj\u0161\u00edm po\u010das\u00edm \u2013 sucha, z\u00e1plavy, torn\u00e1da, vysok\u00e9 teploty.<\/p>\n<p>Glob\u00e1ln\u00edm hrozb\u00e1m lze \u010delit pouze glob\u00e1ln\u00ed akc\u00ed. Ta v\u0161ak stoj\u00ed na konkr\u00e9tn\u00edch \u010dinech jednotliv\u00fdch akt\u00e9r\u016f. \u010cesk\u00e1 republika je \u010dlenskou zem\u00ed Evropsk\u00e9 unie, kter\u00e1 si klade za c\u00edl dosa\u017een\u00ed uhl\u00edkov\u00e9 neutrality do roku 2050. Nen\u00ed to snadn\u00fd \u00fakol, ale v\u0161ichni sm\u011b\u0159ujeme ke stejn\u00e9mu c\u00edli a m\u016f\u017eeme se navz\u00e1jem podporovat a spolupracovat. My, Pra\u017esk\u00e1 klimatick\u00e1 koalice podobn\u011b sm\u00fd\u0161lej\u00edc\u00edch diplomatick\u00fdch mis\u00ed v Praze, se t\u011b\u0161\u00edme na \u00fazkou spolupr\u00e1ci s novou \u010deskou vl\u00e1dou, parlamentem, ob\u010danskou spole\u010dnost\u00ed a dal\u0161\u00edmi z\u00fa\u010dastn\u011bn\u00fdmi stranami, abychom se pod\u011blili o zku\u0161enosti a osv\u011bd\u010den\u00e9 postupy na cest\u011b k uhl\u00edkov\u00e9 neutralit\u011b. Ka\u017ed\u00fd p\u0159\u00edsp\u011bvek se po\u010d\u00edt\u00e1 a jen spole\u010dn\u011b m\u016f\u017eeme ud\u011blat sv\u011bt lep\u0161\u00edm m\u00edstem pro budouc\u00ed generace.<\/p>\n<p>Velvyslanectv\u00ed D\u00e1nsk\u00e9ho kr\u00e1lovstv\u00ed<\/p>\n<p>Velvyslanectv\u00ed Egyptsk\u00e9 arabsk\u00e9 republiky<\/p>\n<p>Velvyslanectv\u00ed Finska<\/p>\n<p>Velvyslanectv\u00ed Irska<\/p>\n<p>Velvyslanectv\u00ed It\u00e1lie<\/p>\n<p>Velvyslanectv\u00ed Kanady<\/p>\n<p>Velvyslanectv\u00ed Korejsk\u00e9 republiky<\/p>\n<p>Velvyslanectv\u00ed Nizozemsk\u00e9ho kr\u00e1lovstv\u00ed<\/p>\n<p>Velvyslanectv\u00ed Norsk\u00e9ho kr\u00e1lovstv\u00ed<\/p>\n<p>Velvyslanectv\u00ed Slovinsk\u00e9 republiky<\/p>\n<p>Velvyslanectv\u00ed Spojen\u00e9ho kr\u00e1lovstv\u00ed Velk\u00e9 Brit\u00e1nie a Severn\u00edho Irska<\/p>\n<p>Velvyslanectv\u00ed Spolkov\u00e9 republiky N\u011bmecko<\/p>\n<p>Velvyslanectv\u00ed \u0160v\u00e9dska<\/p>\n<p>Sledujte nejnov\u011bj\u0161\u00ed v\u00fdvoj na #COP26 b\u011bhem prvn\u00edch dvou t\u00fddn\u016f v listopadu a sledujte na\u0161e aktivity na soci\u00e1ln\u00edch s\u00edt\u00edch #PragueClimateCoalition.<\/p>\n","protected":false},"excerpt":{"rendered":"We, Heads of Diplomatic Missions in Prague, join together during COP 26 in Glasgow to express our hope that the world will find a way forward in this crucial moment. Six years after the unprecedented Paris Agreement, which saw world leaders committing to keep global temperatures from rising more than 2\u00b0C &#8211; and if possible [&hellip;]","protected":false},"author":1,"featured_media":0,"comment_status":"","ping_status":"","sticky":false,"template":"","format":"standard","meta":{"footnotes":""},"tags":[],"class_list":["post-1375","post","type-post","status-publish","format-standard","hentry"],"_links":{"self":[{"href":"https:\/\/ambpraga.esteri.it\/it\/wp-json\/wp\/v2\/posts\/1375","targetHints":{"allow":["GET"]}}],"collection":[{"href":"https:\/\/ambpraga.esteri.it\/it\/wp-json\/wp\/v2\/posts"}],"about":[{"href":"https:\/\/ambpraga.esteri.it\/it\/wp-json\/wp\/v2\/types\/post"}],"author":[{"embeddable":true,"href":"https:\/\/ambpraga.esteri.it\/it\/wp-json\/wp\/v2\/users\/1"}],"replies":[{"embeddable":true,"href":"https:\/\/ambpraga.esteri.it\/it\/wp-json\/wp\/v2\/comments?post=1375"}],"version-history":[{"count":0,"href":"https:\/\/ambpraga.esteri.it\/it\/wp-json\/wp\/v2\/posts\/1375\/revisions"}],"wp:attachment":[{"href":"https:\/\/ambpraga.esteri.it\/it\/wp-json\/wp\/v2\/media?parent=1375"}],"wp:term":[{"taxonomy":"post_tag","embeddable":true,"href":"https:\/\/ambpraga.esteri.it\/it\/wp-json\/wp\/v2\/tags?post=1375"}],"curies":[{"name":"wp","href":"https:\/\/api.w.org\/{rel}","templated":true}]}}