{"id":1400,"date":"2021-06-25T10:47:46","date_gmt":"2021-06-25T08:47:46","guid":{"rendered":"https:\/\/ambpraga.esteri.it\/news\/dall_ambasciata\/2021\/06\/l-ambasciata-d-italia-a-praga-un\/"},"modified":"2021-06-25T10:47:46","modified_gmt":"2021-06-25T08:47:46","slug":"l-ambasciata-d-italia-a-praga-un","status":"publish","type":"post","link":"https:\/\/ambpraga.esteri.it\/it\/news\/dall_ambasciata\/2021\/06\/l-ambasciata-d-italia-a-praga-un\/","title":{"rendered":"&#8220;L\u2019AMBASCIATA D\u2019ITALIA a Praga&#8221;: un volume ripercorre la storia di \u201cuna perla architettonica\u201d incastonata nel cuore di Mal\u00e1 strana"},"content":{"rendered":"<p>Nei suggestivi spazi dell\u2019Ambasciata d\u2019Italia a Praga \u2013 ritornati all\u2019antico splendore dopo due anni di lavori di restauro che hanno riportato lustro a molte parti del Palazzo, a partire dal cortile interno, passando dalle scuderie, fino ai saloni di rappresentanza, al piano nobile, agli scaloni e alla Residenza privata \u2013 si \u00e8 tenuta il 24 giugno la presentazione del volume &#8220;L\u2019AMBASCIATA D\u2019ITALIA a Praga&#8221;, realizzato dalla Fondazione Eleutheria in collaborazione con l\u2019Ambasciata e il sostegno della societ\u00e0 Assicurazioni Generali &#8211; Generali \u010cesk\u00e1 poji\u0161\u0165ovna, a.s. \/ Generali CEE Holding B.V. Nel suo intervento di saluto, l\u2019Ambasciatore d\u2019Italia in Repubblica Ceca <strong>Francesco Saverio Nisio<\/strong> ha sottolineato come Palazzo Thun-Hohenstein eserciti il fascino di un\u2019opera d\u2019arte che i suoi visitatori percepiscono come finita e permanente, al pari di un quadro o di una scultura. &#8220;Negli ultimi 100 anni questo Palazzo ha ospitato l\u2019Ambasciata d\u2019Italia a Praga, rendendo la Rappresentanza in Boemia una delle pi\u00f9 belle dell\u2019intera rete diplomatica italiana. In queste stanze generazioni di legati italiani hanno assistito al protettorato nazista, all\u2019instaurazione del regime comunista, all\u2019invasione del Patto di Varsavia, alla fine della Guerra fredda, alla scissione della Cecoslovacchia e al ritorno di Praga in Europa. Ognuno di loro \u2013 ha concluso il diplomatico italiano \u2013 ha avuto la responsabilit\u00e0 di conservare questa perla architettonica, ancora oggi propriet\u00e0 del Demanio della Repubblica italiana al pari del cinquecentesco Palazzo Slavata, del magnifico Istituto Italiano di Cultura, gi\u00e0 Sede della Congregazione Italiana, e della Cappella dell\u2019Assunzione della Vergine, meglio nota come Cappella degli italiani&#8221;.<\/p>\n<p>Per il Presidente della Fondazione Eleutheria, <strong>Francesco Augusto Razetto<\/strong>, &#8220;la presenza italiana nelle terre di Boemia \u00e8 secolare e lo testimoniano le centinaia di chiese e palazzi costruiti da architetti e artisti italiani. Palazzo Thun \u00e8 un esempio indiscutibile della qualit\u00e0 del lavoro di quei nostri compatrioti del passato, una memoria e una testimonianza di quanto lo stile italiano sia da sempre sinonimo di bellezza e di eleganza&#8221;.<\/p>\n<p>Il CEO di Generali CEE Holding B.V., <strong>Luciano Cirin\u00e0<\/strong>, ha rimarcato come l\u2019Ambasciata d&#8217;Italia sia testimone e partecipe del crescente ruolo avuto dal Gruppo Generali a supporto dell\u2019economia locale, simbolo della presenza italiana sul territorio: &#8220;Dopo la dissoluzione della Cecoslovacchia, i rapporti tra l\u2019Italia e la Repubblica Ceca beneficiano di una nuova e straordinaria stagione. L\u2019Italia \u2013 ha aggiunto Cirin\u00e0 \u2013 ha oggi in questo Paese una grande visibilit\u00e0, di cui l\u2019Ambasciata \u00e8 un essenziale punto di riferimento. Cos\u00ec come il Gruppo Generali, una delle prime aziende tornate ad investire nel Paese dopo il 1993&#8221;.<\/p>\n<p>Stampato in doppia lingua, italiano e ceco, in un\u2019edizione limitata di 1.200 esemplari numerati, il volume contiene un ricco apparato iconografico di oltre ottanta immagini a colori realizzate appositamente per questa pubblicazione, oltre ad una serie di documenti inediti e agli interventi di cultori della materia quali il vice Presidente della Fondazione Eleutheria e storico dell\u2019architettura Ottaviano Maria Razetto, lo storico dell\u2019architettura Guido Carrai, il docente all\u2019Universit\u00e0 di Bologna Michele Danieli e il responsabile della Biblioteca e centro documentale dell\u2019Istituto Italiano di Cultura di Praga, Flavio R.G. Mela. Lungo le 180 pagine dell\u2019opera si dipana un viaggio ricco e affascinante che rileva anche aspetti inediti della lunga storia del complesso architettonico nato con la famiglia Slavata alla met\u00e0 del XVI secolo e continuato fino all\u2019acquisto da parte dello Stato italiano nel 1924. La monografia \u00e8 patrocinata dalla Camera di Commercio e dell\u2019Industria Italo-Ceca (CAMIC) e ha potuto contare sulla partecipazione di numerosi enti tra cui l\u2019Archivio della Citt\u00e0 di Praga, la Collezione Lobkowicz di Praga, i Musei del Castello Sforzesco di Milano, la Biblioteca Nazionale austriaca di Vienna, il Castello di Jind\u0159ich\u016fv Hradec, il Castello di Rychnov nad Kn\u011b\u017enou e l\u2019Archivio Regionale di Stato a Litom\u011b\u0159ice.<\/p>\n<p>\u00a0<\/p>\n<p><strong><a href=\"resource\/doc\/2021\/06\/ambasciata_praga_imp.pdf\" target=\"_blank\" rel=\"noopener\">CLICCA QUI<\/a> per scaricare il volume<\/strong><\/p>\n","protected":false},"excerpt":{"rendered":"Nei suggestivi spazi dell\u2019Ambasciata d\u2019Italia a Praga \u2013 ritornati all\u2019antico splendore dopo due anni di lavori di restauro che hanno riportato lustro a molte parti del Palazzo, a partire dal cortile interno, passando dalle scuderie, fino ai saloni di rappresentanza, al piano nobile, agli scaloni e alla Residenza privata \u2013 si \u00e8 tenuta il 24 [&hellip;]","protected":false},"author":1,"featured_media":0,"comment_status":"","ping_status":"","sticky":false,"template":"","format":"standard","meta":{"footnotes":""},"tags":[],"class_list":["post-1400","post","type-post","status-publish","format-standard","hentry"],"_links":{"self":[{"href":"https:\/\/ambpraga.esteri.it\/it\/wp-json\/wp\/v2\/posts\/1400","targetHints":{"allow":["GET"]}}],"collection":[{"href":"https:\/\/ambpraga.esteri.it\/it\/wp-json\/wp\/v2\/posts"}],"about":[{"href":"https:\/\/ambpraga.esteri.it\/it\/wp-json\/wp\/v2\/types\/post"}],"author":[{"embeddable":true,"href":"https:\/\/ambpraga.esteri.it\/it\/wp-json\/wp\/v2\/users\/1"}],"replies":[{"embeddable":true,"href":"https:\/\/ambpraga.esteri.it\/it\/wp-json\/wp\/v2\/comments?post=1400"}],"version-history":[{"count":0,"href":"https:\/\/ambpraga.esteri.it\/it\/wp-json\/wp\/v2\/posts\/1400\/revisions"}],"wp:attachment":[{"href":"https:\/\/ambpraga.esteri.it\/it\/wp-json\/wp\/v2\/media?parent=1400"}],"wp:term":[{"taxonomy":"post_tag","embeddable":true,"href":"https:\/\/ambpraga.esteri.it\/it\/wp-json\/wp\/v2\/tags?post=1400"}],"curies":[{"name":"wp","href":"https:\/\/api.w.org\/{rel}","templated":true}]}}