{"id":1407,"date":"2021-06-09T15:55:46","date_gmt":"2021-06-09T13:55:46","guid":{"rendered":"https:\/\/ambpraga.esteri.it\/news\/dall_ambasciata\/2021\/06\/introduzione-alle-attivita-del\/"},"modified":"2021-06-09T15:55:46","modified_gmt":"2021-06-09T13:55:46","slug":"introduzione-alle-attivita-del","status":"publish","type":"post","link":"https:\/\/ambpraga.esteri.it\/it\/news\/dall_ambasciata\/2021\/06\/introduzione-alle-attivita-del\/","title":{"rendered":"Introduzione alle attivit\u00e0 del gruppo di ricerca \u2018Gravit\u00e0 Quantistica e Materiali di Dirac\u2019 (Responsabile prof. Alfredo Iorio, Universit\u00e0 Carolina, Praga)"},"content":{"rendered":"<p><a href=\"https:\/\/youtu.be\/EXa0XWoAllM\" target=\"_blank\" rel=\"noopener\">In questo breve video<\/a>, abbiamo raccolto le presentazioni di alcuni dei membri del gruppo di ricerca dell\u2019Universit\u00e0 Carolina di Praga, diretto dal prof. Alfredo Iorio della Facolt\u00e0 di Matematica e Fisica, Istituto di Fisica Nucleare e delle Particelle.<\/p>\n<p>Il gruppo si dedica, principalmente, alla riproducibilit\u00e0 in sistemi analoghi di fenomeni della gravit\u00e0 quantistica, di altrimenti difficile o impossibile sperimentazione diretta. Tra questi, la radiazione emessa durante la prevista evaporazione di un buco nero (la radiazione di Hawking), il principio olografico e il suo impatto sull\u2019entropia massima di ogni sistema fisico (il limite di Bekenstein), la possibile perdita di informazione risultante alla fine del processo di evaporazione (il paradosso dell\u2019informazione), e tanti altri fenomeni affascinanti, esotici ed estremi.<\/p>\n<p>Il campo di ricerca menzionato \u00e8 in gran fermento, dati i sempre pi\u00f9 accurati risultati sperimentali e le sempre pi\u00f9 affinata capicit\u00e0 predittiva dei modelli teorici. Il lavoro del gruppo si concentra soprattutto su un particolare modello analogo, proposto dal prof. Iorio nel 2010, che utilizza a tal fine le sorprendenti propriet\u00e0 geometriche, elastiche e di trasporto del grafene, e di tutta la famiglia di materiali a cui appartiene (i materiali di Dirac). Da una parte questo arricchisce lo spettro dei fenomeni esotici a cui si pu\u00f2 accedere in questo modo. Dall\u2019altra apre prospettive inaspettate ed innovative nella ricerca per le applicazioni sperimentali e industriali dei materiali di Dirac, un campo in enorme espansione e di grande interesse economico.<\/p>\n<p>Nel video intervengono, in ordine di apparizione: il prof. Alfredo Iorio, il dr. Luca Smaldone, il dr. Pablo Pais, il dott. Pavel Kus, il dr. Giovanni Acquaviva, il prof. Paolo Castorina.<\/p>\n<p><a href=\"https:\/\/youtu.be\/EXa0XWoAllM\" target=\"_blank\" rel=\"noopener\">COLLEGAMENTO AL VIDEO<\/a><\/p>\n","protected":false},"excerpt":{"rendered":"In questo breve video, abbiamo raccolto le presentazioni di alcuni dei membri del gruppo di ricerca dell\u2019Universit\u00e0 Carolina di Praga, diretto dal prof. Alfredo Iorio della Facolt\u00e0 di Matematica e Fisica, Istituto di Fisica Nucleare e delle Particelle. Il gruppo si dedica, principalmente, alla riproducibilit\u00e0 in sistemi analoghi di fenomeni della gravit\u00e0 quantistica, di altrimenti [&hellip;]","protected":false},"author":1,"featured_media":0,"comment_status":"","ping_status":"","sticky":false,"template":"","format":"standard","meta":{"footnotes":""},"tags":[],"class_list":["post-1407","post","type-post","status-publish","format-standard","hentry"],"_links":{"self":[{"href":"https:\/\/ambpraga.esteri.it\/it\/wp-json\/wp\/v2\/posts\/1407","targetHints":{"allow":["GET"]}}],"collection":[{"href":"https:\/\/ambpraga.esteri.it\/it\/wp-json\/wp\/v2\/posts"}],"about":[{"href":"https:\/\/ambpraga.esteri.it\/it\/wp-json\/wp\/v2\/types\/post"}],"author":[{"embeddable":true,"href":"https:\/\/ambpraga.esteri.it\/it\/wp-json\/wp\/v2\/users\/1"}],"replies":[{"embeddable":true,"href":"https:\/\/ambpraga.esteri.it\/it\/wp-json\/wp\/v2\/comments?post=1407"}],"version-history":[{"count":0,"href":"https:\/\/ambpraga.esteri.it\/it\/wp-json\/wp\/v2\/posts\/1407\/revisions"}],"wp:attachment":[{"href":"https:\/\/ambpraga.esteri.it\/it\/wp-json\/wp\/v2\/media?parent=1407"}],"wp:term":[{"taxonomy":"post_tag","embeddable":true,"href":"https:\/\/ambpraga.esteri.it\/it\/wp-json\/wp\/v2\/tags?post=1407"}],"curies":[{"name":"wp","href":"https:\/\/api.w.org\/{rel}","templated":true}]}}