{"id":1408,"date":"2021-06-02T07:53:24","date_gmt":"2021-06-02T05:53:24","guid":{"rendered":"https:\/\/ambpraga.esteri.it\/news\/dall_ambasciata\/2021\/06\/cerimonia-di-consegna-della-scultura\/"},"modified":"2021-06-02T07:53:24","modified_gmt":"2021-06-02T05:53:24","slug":"cerimonia-di-consegna-della-scultura","status":"publish","type":"post","link":"https:\/\/ambpraga.esteri.it\/it\/news\/dall_ambasciata\/2021\/06\/cerimonia-di-consegna-della-scultura\/","title":{"rendered":"Cerimonia di consegna della \u201cScultura dell\u2019amicizia italo-ceca\u201d nei giardini del Governo ceco"},"content":{"rendered":"<p>Nel giorno della festa della Repubblica italiana \u00e8 stata svelata oggi, nel palazzo del Governo della Repubblica Ceca, la \u201cScultura dell\u2019amicizia italo-ceca\u201d. Ideata nel 2019 per celebrare i 100 anni dell\u2019Ambasciata italiana a Praga, e realizzata grazie alla generosit\u00e0 di Generali \u010cesk\u00e1 Poji\u0161t\u2019ovna, la scultura \u00e8 il risultato di un concorso lanciato all\u2019interno dell\u2019Accademia delle Belle Arti Avu di Praga. Il vincitore, Adam Fejfar, ha proposto come soggetto i due animali simbolo delle rispettive tradizioni popolari: la lupa romana e il leone boemo dalla coda biforcuta. Da oggi, la scultura \u2013 installata nei giardini del Governo \u2013 rappresenter\u00e0 l\u2019antica amicizia dei due Paesi, proiettati a rafforzare sempre pi\u00f9 il loro legame nel contesto dell\u2019Unione Europea. La cerimonia si \u00e8 tenuta alla presenza del Primo Ministro ceco, Andrej Babis, e dell\u2019Ambasciatore d\u2019Italia Francesco Saverio Nisio.<\/p>\n","protected":false},"excerpt":{"rendered":"Nel giorno della festa della Repubblica italiana \u00e8 stata svelata oggi, nel palazzo del Governo della Repubblica Ceca, la \u201cScultura dell\u2019amicizia italo-ceca\u201d. Ideata nel 2019 per celebrare i 100 anni dell\u2019Ambasciata italiana a Praga, e realizzata grazie alla generosit\u00e0 di Generali \u010cesk\u00e1 Poji\u0161t\u2019ovna, la scultura \u00e8 il risultato di un concorso lanciato all\u2019interno dell\u2019Accademia delle [&hellip;]","protected":false},"author":1,"featured_media":0,"comment_status":"","ping_status":"","sticky":false,"template":"","format":"standard","meta":{"footnotes":""},"tags":[],"class_list":["post-1408","post","type-post","status-publish","format-standard","hentry"],"_links":{"self":[{"href":"https:\/\/ambpraga.esteri.it\/it\/wp-json\/wp\/v2\/posts\/1408","targetHints":{"allow":["GET"]}}],"collection":[{"href":"https:\/\/ambpraga.esteri.it\/it\/wp-json\/wp\/v2\/posts"}],"about":[{"href":"https:\/\/ambpraga.esteri.it\/it\/wp-json\/wp\/v2\/types\/post"}],"author":[{"embeddable":true,"href":"https:\/\/ambpraga.esteri.it\/it\/wp-json\/wp\/v2\/users\/1"}],"replies":[{"embeddable":true,"href":"https:\/\/ambpraga.esteri.it\/it\/wp-json\/wp\/v2\/comments?post=1408"}],"version-history":[{"count":0,"href":"https:\/\/ambpraga.esteri.it\/it\/wp-json\/wp\/v2\/posts\/1408\/revisions"}],"wp:attachment":[{"href":"https:\/\/ambpraga.esteri.it\/it\/wp-json\/wp\/v2\/media?parent=1408"}],"wp:term":[{"taxonomy":"post_tag","embeddable":true,"href":"https:\/\/ambpraga.esteri.it\/it\/wp-json\/wp\/v2\/tags?post=1408"}],"curies":[{"name":"wp","href":"https:\/\/api.w.org\/{rel}","templated":true}]}}