{"id":1412,"date":"2021-05-25T12:12:21","date_gmt":"2021-05-25T10:12:21","guid":{"rendered":"https:\/\/ambpraga.esteri.it\/news\/dall_ambasciata\/2021\/05\/mostra-di-ecodesign-3r-ridurre\/"},"modified":"2021-05-25T12:12:21","modified_gmt":"2021-05-25T10:12:21","slug":"mostra-di-ecodesign-3r-ridurre","status":"publish","type":"post","link":"https:\/\/ambpraga.esteri.it\/it\/news\/dall_ambasciata\/2021\/05\/mostra-di-ecodesign-3r-ridurre\/","title":{"rendered":"Mostra di EcoDesign: 3R Ridurre, Riciclare, Riutilizzare"},"content":{"rendered":"<p>La sostenibilit\u00e0 \u00e8 una delle sfide principali che la societ\u00e0 contemporanea si trova ad affrontare.<\/p>\n<p>Le ultime tendenze del design italiano e mondiale mostrano come anche in questo campo interrogarsi sull\u2019impatto che le nostre attivit\u00e0 hanno sulla salute del pianeta sia diventato un imperativo ineludibile.<\/p>\n<p>La mostra itinerante EcoDesign, curata da <strong>Silvana Annicchiarico<\/strong>, presenta un nuovo approccio alla creazione degli oggetti a partire da materiali naturali inconsueti o di nuovissima concezione, riciclando rifiuti o trasformando gli scarti della produzione industriale.<\/p>\n<p>I prodotti sono realizzati da giovani emergenti e da designer di fama internazionale come <strong>Massimiliano Fuksas, Enzo Mari, Philippe Starck<\/strong> e<strong> Salvatore Ferragamo<\/strong>.<\/p>\n<p>Organizzata dall\u2019Istituto italiano di cultura di Praga in collaborazione con l\u2019Ambasciata d\u2019Italia a Praga e il Ministero degli Affari Esteri e della Cooperazione Internazionale, la mostra rientra nel quadro delle iniziative per la 26\u00b0 Conferenza delle Parti sulla Convenzione ONU sul cambiamento climatico (COP26), nell\u2019ambito della partnership tra il Regno Unito e l\u2019Italia.<\/p>\n<p>Patrocinio di Praga capitale, del municipio di Praga 1 e della Camera di Commercio e dell\u2019Industria Italo-Ceca (CAMIC). Media partner locali: Designblok &#8211; Prague International Design Festival, DesignMag e Artalk.<\/p>\n<p>Dal 27 maggio al 2 luglio 2021, nella Cappella dell\u2019Istituto italiano di cultura di Praga.<\/p>\n<p>Orari di apertura: da luned\u00ec a gioved\u00ec, ore 12.00 \u2013 18.00; venerd\u00ec, ore 10 \u2013 14.00.<\/p>\n<p>Ingresso libero e nel rispetto delle normative vigenti, previa prenotazione della visita scrivendo a: <a>iicpraga@esteri.it<\/a><\/p>\n<p>\u00a0<\/p>\n<p><a href=\"https:\/\/iicpraga.esteri.it\/iic_praga\/resource\/doc\/2021\/05\/ecodesign_catalogo_da_scaricare.pdf\" target=\"_blank\" rel=\"noopener\">CATALOGO<\/a><\/p>\n","protected":false},"excerpt":{"rendered":"La sostenibilit\u00e0 \u00e8 una delle sfide principali che la societ\u00e0 contemporanea si trova ad affrontare. Le ultime tendenze del design italiano e mondiale mostrano come anche in questo campo interrogarsi sull\u2019impatto che le nostre attivit\u00e0 hanno sulla salute del pianeta sia diventato un imperativo ineludibile. La mostra itinerante EcoDesign, curata da Silvana Annicchiarico, presenta un [&hellip;]","protected":false},"author":1,"featured_media":0,"comment_status":"","ping_status":"","sticky":false,"template":"","format":"standard","meta":{"footnotes":""},"tags":[],"class_list":["post-1412","post","type-post","status-publish","format-standard","hentry"],"_links":{"self":[{"href":"https:\/\/ambpraga.esteri.it\/it\/wp-json\/wp\/v2\/posts\/1412","targetHints":{"allow":["GET"]}}],"collection":[{"href":"https:\/\/ambpraga.esteri.it\/it\/wp-json\/wp\/v2\/posts"}],"about":[{"href":"https:\/\/ambpraga.esteri.it\/it\/wp-json\/wp\/v2\/types\/post"}],"author":[{"embeddable":true,"href":"https:\/\/ambpraga.esteri.it\/it\/wp-json\/wp\/v2\/users\/1"}],"replies":[{"embeddable":true,"href":"https:\/\/ambpraga.esteri.it\/it\/wp-json\/wp\/v2\/comments?post=1412"}],"version-history":[{"count":0,"href":"https:\/\/ambpraga.esteri.it\/it\/wp-json\/wp\/v2\/posts\/1412\/revisions"}],"wp:attachment":[{"href":"https:\/\/ambpraga.esteri.it\/it\/wp-json\/wp\/v2\/media?parent=1412"}],"wp:term":[{"taxonomy":"post_tag","embeddable":true,"href":"https:\/\/ambpraga.esteri.it\/it\/wp-json\/wp\/v2\/tags?post=1412"}],"curies":[{"name":"wp","href":"https:\/\/api.w.org\/{rel}","templated":true}]}}