{"id":1420,"date":"2021-05-06T18:29:48","date_gmt":"2021-05-06T16:29:48","guid":{"rendered":"https:\/\/ambpraga.esteri.it\/news\/dall_ambasciata\/2021\/05\/jime-italsky-show-digitale-interattivo\/"},"modified":"2021-05-06T18:29:48","modified_gmt":"2021-05-06T16:29:48","slug":"jime-italsky-show-digitale-interattivo","status":"publish","type":"post","link":"https:\/\/ambpraga.esteri.it\/it\/news\/dall_ambasciata\/2021\/05\/jime-italsky-show-digitale-interattivo\/","title":{"rendered":"J\u00edme italsky! Show digitale interattivo sulla cucina italiana e la dieta mediterranea"},"content":{"rendered":"<p>L&#8217;Ambasciata d&#8217;Italia a Praga e la CAMIC &#8211; Camera di Commercio e dell&#8217;Industria Italo-Ceca invitano a J\u00edme italsky! lo Show digitale interattivo sulla cucina italiana e la dieta mediterranea.<\/p>\n<p>Quando: 20.5.2021 | 11.00<\/p>\n<p>Dove: sulla piattaforma ZOOM<\/p>\n<p>Modera: Pavel Maurer, fondatore Maurer\u016fv v\u00fdb\u011br Grand Restaurant e Prague Food Festival<\/p>\n<p>PROGRAMMA<\/p>\n<p><strong>11.00 \u2013 11.05 Saluti di apertura<\/strong><br \/>GIANFRANCO PINCIROLI, Presidente Camera Italo-Ceca<br \/>S.E. FRANCESCO SAVERIO NISIO, Ambasciatore d\u2019Italia a Praga<\/p>\n<p><strong>11.05 \u2013 11.15 Keynote speaker<\/strong><br \/>JI\u0158\u00cd \u0160\u00cdR, Vice Ministro dell\u2019Agricoltura della Repubblica Ceca<\/p>\n<p><strong>11.15 \u2013 11.25 L\u2019Italia vista dai cechi<\/strong><br \/>MARTA KU\u010c\u00cdKOV\u00c1, scrittrice e blogger sull\u2019Italia, vincitrice del premio \u201cmiglior blog del decennio\u201d.<\/p>\n<p><strong>11.25 \u2013 11.40 Dieta Mediterranea: stile di vita tra tradizione e innovazione<\/strong><br \/>MAURO RUGGIERO, giornalista e autore del libro \u201cMare Nostrum\u201d<br \/>MARIA TRIASSI, Presidente Scuola di Medicina e Chirurgia Universit\u00e0 Federico II di Napoli.<\/p>\n<p><strong>11.40 \u2013 11.50 Quante sono le cucine italiane?<\/strong><br \/>MATTEO DE CARLI, Chef Casa De Carli Praga \u2013 ristorante Buona Cucina Accademia Italiana della Cucina.<\/p>\n<p><strong>11.50 \u2013 12.00 In vino veritas: abbinamenti perfetti (e non) per il tuo vino italiano<\/strong><br \/>JI\u0158\u00cd MARKUZZI, importatore e distributore di vino italiano.<\/p>\n<p><strong>12.00 \u2013 12.10 Olio extra vergine: come riconoscere la qualit\u00e0 e il giusto prezzo<\/strong><br \/>FLEMMING LAUGESEN, importatore e distributore di vini italiani e specialit\u00e0.<\/p>\n<p><strong>12.10 \u2013 12.20 Dolce Italia: per chiudere i pasti migliori (e consolarsi dei peggiori)<\/strong><br \/>ROBERTA MARANGON, titolare pasticceria Dolcemente Praga.<\/p>\n<p><strong>12.20 \u2013 12.30 Cucina con le stelle<\/strong><br \/>Cooking-show in diretta dall\u2019Italia con lo chef stellato LUCIO POMPILI.<\/p>\n<p>INFO<br \/>Lingua: Ceco e Italiano con traduzione simultanea nell\u2019apposito canale.<\/p>\n<p>La partecipazione \u00e8 gratuita ed \u00e8 possibile iscriversi confermando a <a href=\"mailto:barbora.supikova@camic.cz\">barbora.supikova@camic.cz<\/a>.<\/p>\n<p>Il link per il collegamento sar\u00e0 inviato in seguito all\u2019iscrizione.<\/p>\n<p>Tra i partecipanti collegati online saranno estratti a sorte i vincitori di premi Made in Italy.<\/p>\n<p>\u00a0<\/p>\n<p><a href=\"resource\/doc\/2021\/05\/camic-jime-italsky_it_pg1.pdf\" target=\"_blank\" rel=\"noopener\">PROGRAMMA<\/a><\/p>\n<p><a href=\"resource\/doc\/2021\/05\/camic-jime-italsky_concorso-ita.pdf\" target=\"_blank\" rel=\"noopener\">CONCORSO A PREMI<\/a> e <a href=\"resource\/doc\/2021\/05\/pravidla-tomboly-20.5_czdef.pdf\" target=\"_blank\" rel=\"noopener\">REGOLAMENTO (in ceco)<\/a><\/p>\n<p><a href=\"resource\/doc\/2021\/05\/cs_forum_cucina_italiana.pdf\" target=\"_blank\" rel=\"noopener\">COMUNICATO STAMPA<\/a><\/p>\n","protected":false},"excerpt":{"rendered":"L&#8217;Ambasciata d&#8217;Italia a Praga e la CAMIC &#8211; Camera di Commercio e dell&#8217;Industria Italo-Ceca invitano a J\u00edme italsky! lo Show digitale interattivo sulla cucina italiana e la dieta mediterranea. Quando: 20.5.2021 | 11.00 Dove: sulla piattaforma ZOOM Modera: Pavel Maurer, fondatore Maurer\u016fv v\u00fdb\u011br Grand Restaurant e Prague Food Festival PROGRAMMA 11.00 \u2013 11.05 Saluti di [&hellip;]","protected":false},"author":1,"featured_media":0,"comment_status":"","ping_status":"","sticky":false,"template":"","format":"standard","meta":{"footnotes":""},"tags":[],"class_list":["post-1420","post","type-post","status-publish","format-standard","hentry"],"_links":{"self":[{"href":"https:\/\/ambpraga.esteri.it\/it\/wp-json\/wp\/v2\/posts\/1420","targetHints":{"allow":["GET"]}}],"collection":[{"href":"https:\/\/ambpraga.esteri.it\/it\/wp-json\/wp\/v2\/posts"}],"about":[{"href":"https:\/\/ambpraga.esteri.it\/it\/wp-json\/wp\/v2\/types\/post"}],"author":[{"embeddable":true,"href":"https:\/\/ambpraga.esteri.it\/it\/wp-json\/wp\/v2\/users\/1"}],"replies":[{"embeddable":true,"href":"https:\/\/ambpraga.esteri.it\/it\/wp-json\/wp\/v2\/comments?post=1420"}],"version-history":[{"count":0,"href":"https:\/\/ambpraga.esteri.it\/it\/wp-json\/wp\/v2\/posts\/1420\/revisions"}],"wp:attachment":[{"href":"https:\/\/ambpraga.esteri.it\/it\/wp-json\/wp\/v2\/media?parent=1420"}],"wp:term":[{"taxonomy":"post_tag","embeddable":true,"href":"https:\/\/ambpraga.esteri.it\/it\/wp-json\/wp\/v2\/tags?post=1420"}],"curies":[{"name":"wp","href":"https:\/\/api.w.org\/{rel}","templated":true}]}}