{"id":1446,"date":"2021-03-17T19:15:25","date_gmt":"2021-03-17T18:15:25","guid":{"rendered":"https:\/\/ambpraga.esteri.it\/news\/dall_ambasciata\/2021\/03\/covid-19-aggiornamento-17-03-2021\/"},"modified":"2021-03-17T19:15:25","modified_gmt":"2021-03-17T18:15:25","slug":"covid-19-aggiornamento-17-03-2021","status":"publish","type":"post","link":"https:\/\/ambpraga.esteri.it\/it\/news\/dall_ambasciata\/2021\/03\/covid-19-aggiornamento-17-03-2021\/","title":{"rendered":"COVID 19 \u2013 AGGIORNAMENTO 17.03.2021 \u2013 CONFERMATA CHIUSURA FRONTIERA TEDESCA"},"content":{"rendered":"<p><span style=\"text-decoration: underline;\"><strong>SPOSTAMENTI DALL\u2019ITALIA ALLA REPUBBLICA CECA<\/strong><\/span><\/p>\n<p>Lo stato di emergenza, in vigore dal 5 ottobre, \u00e8 prorogato fino al <strong>28 marzo<\/strong>.<\/p>\n<p>Rimangono in vigore le seguenti misure restrittive.<\/p>\n<p>E<strong>\u2019 vietato l\u2019ingresso degli stranieri in Repubblica Ceca<\/strong>, ad eccezione dei <strong>viaggi indispensabil<\/strong>i, motivati da:<\/p>\n<p>\u00b7 rientro presso la propria residenza<\/p>\n<p>\u00b7 esigenze lavorative<\/p>\n<p>\u00b7 studio<\/p>\n<p>\u00b7 salute<\/p>\n<p>\u00b7 visite necessarie alla famiglia<\/p>\n<p><strong>E\u2019 vietato l\u2019ingresso per turismo, attivit\u00e0 ricreative, visite agli amici, ecc.<\/strong><\/p>\n<p>L\u2019ingresso di chi arriva dall\u2019Italia, per le motivazioni previste, \u00e8 sottoposto alla seguente procedura:<\/p>\n<p>PRIMA DELL&#8217;INGRESSO:<\/p>\n<p><strong>\u00b7 effettuare un tampone antigenico entro le 24 ore prima della partenza o PCR entro le 72 ore prima della partenza<\/strong><\/p>\n<p>\u00b7 notificare l&#8217;ingresso alle Autorit\u00e0 sanitarie ceche compilando questo <strong>modulo online<\/strong> <a href=\"https:\/\/plf.uzis.cz\">https:\/\/plf.uzis.cz<\/a> e, se richiesto ai controlli di frontiera, mostrare la <strong>conferma dell\u2019avvenuta compilazione elettronica.<\/strong><\/p>\n<p>DOPO L\u2019ARRIVO:<\/p>\n<p>\u00b7<strong> entro 5 giorni<\/strong> dall\u2019arrivo, effettuare un <strong>test PCR<\/strong><\/p>\n<p>\u00b7 rimanere in<strong> auto-isolamento<\/strong> fino alla notifica del<strong> risultato negativo<\/strong> del test <strong>PCR. Non \u00e8 consentita l\u2019interruzione dell\u2019auto-isolamento per recarsi a lavoro. L\u2019auto-isolamento pu\u00f2 essere interrotto per effettuare cure mediche programmate, soltanto se la clinica richiede e ottiene l\u2019autorizzazione dall\u2019ufficio di igiene locale.<\/strong><\/p>\n<p>\u00b7 <strong>Entro 10 giorni dall\u2019arrivo<\/strong>, inviare, via e-mail, il risultato del tampone molecolare (test PCR) all\u2019ufficio d\u2019igiene locale<\/p>\n<p>\u00b7 <strong>obbligo<\/strong> di indossare una <strong>mascherina FFP2, KN95 o N95 per 14 giorni dopo l\u2019arrivo<\/strong> quando si \u00e8 fuori dalla propria abitazione<\/p>\n<p>\u2022Praga capitale &#8211; <a href=\"mailto:covid-hc@hygpraha.cz\">covid-hc@hygpraha.cz<\/a><\/p>\n<p>\u2022Regione di Liberec &#8211; <a href=\"mailto:sekretariat@khslbc.cz\">sekretariat@khslbc.cz<\/a><\/p>\n<p>\u2022Regione \u00dast\u00ed nad Labem &#8211; <a href=\"mailto:covid19@khsusti.cz\">covid19@khsusti.cz<\/a><\/p>\n<p>\u2022Regione Karlovy Vary &#8211; <a href=\"mailto:epodatelna@khskv.cz\">epodatelna@khskv.cz<\/a><\/p>\n<p>\u2022Regione Boemia Centrale &#8211; <a href=\"mailto:podatelna@khsstc.cz\">podatelna@khsstc.cz<\/a><\/p>\n<p>\u2022Regione di Plzen &#8211; <a href=\"mailto:kristyna.hackerova@khsplzen.cz\">kristyna.hackerova@khsplzen.cz<\/a>; <a href=\"mailto:michaela.jancova@khsplzen.cz\">michaela.jancova@khsplzen.cz<\/a>; <a href=\"mailto:podatelna@khsplzen.cz\">podatelna@khsplzen.cz<\/a><\/p>\n<p>\u2022Regione della Boemia meridionale &#8211; \u010ceske Bud\u011bjovice &#8211; <a href=\"mailto:khscb@khscb.cz\">khscb@khscb.cz<\/a><\/p>\n<p>\u2022Regione di Hradec Kralove &#8211; <a href=\"mailto:koronavirus@khshk.cz\">koronavirus@khshk.cz<\/a><\/p>\n<p>\u2022Regione di Pardubice &#8211; <a href=\"mailto:elektronicka.podatelna@khspce.cz\">elektronicka.podatelna@khspce.cz<\/a>; <a href=\"mailto:sekretariat@khspce.cz\">sekretariat@khspce.cz<\/a>\u00a0<\/p>\n<p>\u2022Regione di Vyso\u010dina \u2013 Jihlava &#8211; <a href=\"mailto:koronavirus@khsjih.cz\">koronavirus@khsjih.cz<\/a><\/p>\n<p>\u2022Regione della Moravia meridionale \u2013 Brno &#8211; <a href=\"mailto:pendleri@khsbrno.cz\">pendleri@khsbrno.cz<\/a><\/p>\n<p>\u2022Regione di MoraviaSilesia \u2013 Ostrava &#8211; <a href=\"mailto:podatelna@khsova.cz\">podatelna@khsova.cz<\/a><\/p>\n<p>\u2022Regione di Zlin &#8211; <a href=\"mailto:covid19@khszlin.cz\">covid19@khszlin.cz<\/a><\/p>\n<p>\u2022Regione di Olomouc &#8211; <a href=\"mailto:infolinka@khsolc.cz\">infolinka@khsolc.cz<\/a><\/p>\n<p>\u00b7 lavoratori e studenti devono sottoporre il risultato negativo del secondo test, rispettivamente, al datore di lavoro e all\u2019universit\u00e0, prima di potersi recare sul luogo di lavoro o a lezione<\/p>\n<p><strong>Anche le persone gi\u00e0 vaccinate devono rispettare la procedura prevista.<\/strong><\/p>\n<p><span style=\"text-decoration: underline;\"><strong>RESTRIZIONI SUL TERRITORIO CECO<\/strong><\/span><\/p>\n<p><strong>Il coprifuoco \u00e8 in vigore dalle 21.00 alle 04.59<\/strong><\/p>\n<p>Dal 1\u00b0 al 21 marzo sono in vigore ulteriori restrizioni:<\/p>\n<p>\u00b7 <strong>\u00e8 obbligatorio indossare sempre una mascherina.<\/strong> Nei luoghi di maggiore affollamento (come i mezzi pubblici) \u00e8 obbligatorio indossare la mascherina FFP2, KN95 o FFP3<\/p>\n<p>\u00b7 <strong>\u00e8 vietato spostarsi tra distretti diversi<\/strong>. Fanno <strong>eccezione<\/strong> i viaggi di <strong>lavoro<\/strong>, che devono essere documentati con apposita dichiarazione del datore di lavoro. Fanno eccezione anche i viaggi per motivi di <strong>salute<\/strong>, che devono essere anch\u2019essi documentati con prescrizione medica. Altra eccezione prevista per i <strong>genitori di minori<\/strong> separati con custodia congiunta dei figli, anche in questo caso il motivo del viaggio dovr\u00e0 essere documentato dalla sentenza del tribunale. Eccezione anche per l\u2019<strong>accudimento di genitori<\/strong>, per accompagnarli dal medico o provvedere alla spesa; in questo caso baster\u00e0 un\u2019auto-dichiarazione per dimostrare il motivo del viaggio. Il divieto di spostamento tra distretti diversi, con le relative eccezioni, si applica anche a chi viaggia da e per l\u2019estero.<\/p>\n<p>\u00b7 le passeggiate nel verde sono consentite soltanto nell\u2019ambito del proprio comune<\/p>\n<p>\u00b7 anche nell\u2019ambito dello stesso distretto, le visite ai genitori sono consentite soltanto per aiutarli nei loro bisogni essenziali, come accompagnarli per visite mediche<\/p>\n<p>\u00b7 tutte le scuole sono chiuse, inclusi asili nidi e scuole materne<\/p>\n<p>\u00b7 le attivit\u00e0 commerciali sono chiuse, ad eccezione di quelle strettamente necessarie come alimentari e farmacie. Sono quindi chiusi i negozi di abbigliamento per bambini, le cartolerie, le lavanderie non self-service, ecc.<\/p>\n<p>Queste restrizioni si applicano anche a coloro che sono gi\u00e0 stati vaccinati.<\/p>\n<p>La violazione di queste misure pu\u00f2 comportare una multa fino a 20.000 corone ceche (circa 800 euro).<\/p>\n<p>Anche nell\u2019ambito dello stesso distretto sono vietati gli spostamenti non essenziali. Sono considerati spostamenti essenziali quelli motivati da lavoro, visite necessarie ai familiari, salute, acquisto di beni essenziali.<\/p>\n<p>E\u2019 obbligatoria la distanza interpersonale di 2 metri nei luoghi pubblici.<\/p>\n<p>E\u2019 richiesto di evitare pagamenti in contante.<\/p>\n<p><strong>Sono vietati gli incontri di pi\u00f9 di 2 persone.<\/strong><\/p>\n<p>Le attivit\u00e0 di ristorazione sono chiuse; la vendita per asporto \u00e8 consentita fino alle 21.00.<\/p>\n<p><strong>E\u2019 vietato il consumo di alcolici in luoghi pubblici.<\/strong><\/p>\n<p>Tutte le attivit\u00e0 culturali sono chiuse.<\/p>\n<p>Maggiori informazioni e i moduli per le dichiarazioni sono disponibili al link del Ministero dell\u2019Interno <a href=\"https:\/\/www.mvcr.cz\/mvcren\/article\/movement-between-districts-okresy.aspx\">https:\/\/www.mvcr.cz\/mvcren\/article\/movement-between-districts-okresy.aspx<\/a><\/p>\n<p><strong>Una lista dei laboratori dove \u00e8 possibile sottoporsi privatamente a tampone \u00e8 disponibile (in ceco) qui: <a href=\"https:\/\/koronavirus.mzcr.cz\/en\/\">https:\/\/koronavirus.mzcr.cz\/en\/<\/a><\/strong><\/p>\n<p>Il<strong> transito attraverso la Repubblica ceca<\/strong> \u00e8 consentito a condizione che:<\/p>\n<p>\u00b7 non superi le 12 ore<\/p>\n<p>\u00b7 non preveda pernottamento<\/p>\n<p>\u00b7 sia dimostrabile il mero transito<\/p>\n<p>\u00b7 dal 1\u00b0 marzo, anche per il semplice transito, \u00e8 necessario avere il risultato di un tampone negativo antigenico (non pi\u00f9 vecchio di 24 ore) o PCR (non pi\u00f9 vecchio di 72 ore)<\/p>\n<p>\u00b7 <strong>dal 1\u00b0 marzo \u00e8 obbligatorio indossare una mascherina FFP2, KN95 o N95<\/strong><\/p>\n<p><span style=\"text-decoration: underline;\"><strong>DIVIETO DI INGRESSO E DI TRANSITO IN GERMANIA<\/strong><\/span><\/p>\n<p>La Germania ha confermato la chiusura delle sue frontiere con la Repubblica Ceca e con il Tirolo austriaco. E\u2019 quindi <strong>vietato l\u2019ingresso in Germania a chi proviene dalla Repubblica Ceca o dal Tirolo austriaco<\/strong>, anche nel caso di mero transito da questi territori.<\/p>\n<p>Sono previste eccezioni soltanto per alcune categorie autorizzate (personale del settore dei trasporti e lavoratori transfrontalieri ritenuti necessari), che devono presentare il risultato negativo di un tampone antigenico o PCR non pi\u00f9 vecchio di 48 ore. L&#8217;obbligo del tampone si applica anche in caso di mero transito dalla Repubblica Ceca.<\/p>\n<p><strong>Non \u00e8 consentito il transito attraverso la Germania a chi proviene dalla Repubblica Ceca o dal Tirolo austriaco ed \u00e8 destinato in un altro Paese (per esempio l&#8217;Italia o la Repubblica Ceca).<\/strong><\/p>\n<p><strong>Il divieto di transito si applica anche allo scalo aeroportuale.<\/strong><\/p>\n<p>Per avere informazioni sul transito attraverso l&#8217;Austria e la Germania, contattare le Ambasciate d\u2019Italia a Vienna (<a href=\"http:\/\/www.ambvienna.esteri.it\">www.ambvienna.esteri.it<\/a>) e a Berlino (<a href=\"http:\/\/www.ambberlino.esteri.it\">www.ambberlino.esteri.it<\/a>).<\/p>\n<p><span style=\"text-decoration: underline;\"><strong>TRANSITO ATTRAVERSO LA REPUBBLICA CECA PER CHI E&#8217; DIRETTO IN GERMANIA<\/strong><\/span><\/p>\n<p>ll personale del settore dei trasporti, in transito attraverso la Repubblica Ceca e diretto in Germania, deve presentare il risultato negativo di un tampone antigenico o PCR non pi\u00f9 vecchio di 36 ore.<\/p>\n<p>Il Ministero dell&#8217;Interno ceco chiede alle compagnie di trasporto di utilizzare la Repubblica Ceca come Paese di transito verso la Germania soltanto in casi assolutamente necessari.<\/p>\n<p><strong>Per maggiori informazioni, si pu\u00f2 contattare l&#8217;Ufficio consolare dell&#8217;Ambasciata d\u2019Italia a Praga, dalle ore 9.00 alle ore 16.00, al numero: +420 774 589 752.<\/strong><\/p>\n<p>Il Ministero della Salute ceco ha messo a disposizione una linea telefonica dedicata, raggiungibile al 1221 (chiamando dalla Repubblica Ceca), anche in inglese, attiva nei giorni feriali dalle 08.00 alle 19.00 e, durante il fine settimana, dalle 09.00 alle 16.30.<\/p>\n<p><span style=\"text-decoration: underline;\"><strong>SPOSTAMENTI DALLA REPUBBLICA CECA ALL\u2019ITALIA<\/strong><\/span><\/p>\n<p>Il Consiglio dei Ministri ha deliberato la proroga dello stato di emergenza sul territorio nazionale fino al <strong>30 aprile 2021<\/strong>, in conseguenza del rischio sanitario connesso alla diffusione di COVID-19.<\/p>\n<p>L\u2019Unit\u00e0 di Crisi della Farnesina ha realizzato <strong>un questionario per chi \u00e8 in partenza per l\u2019estero o deve rientrare in Italia<\/strong>, basato sulla normativa italiana attualmente in vigore. <strong>Il questionario ha carattere meramente informativo, non ha valore legale e il risultato ottenuto non garantisce l\u2019ingresso in Italia n\u00e9 nel Paese di destinazione<\/strong>. Tuttavia, consente di conoscere caso per caso gli adempimenti previsti per il rientro in Italia dal Paese di provenienza.<\/p>\n<p>Il questionario \u00e8 consultabile al link <a href=\"https:\/\/infocovid.viaggiaresicuri.it\/\">https:\/\/infocovid.viaggiaresicuri.it\/<\/a><\/p>\n<p><strong>E\u2019 comunque necessario verificare anche le misure adottate a livello regionale, considerato che in molte Regioni vige il divieto di spostamenti al di fuori del proprio Comune.<\/strong><\/p>\n<p>Per quesiti pi\u00f9 specifici in merito all\u2019ingresso nel Paese, contattare la <strong>Polizia di Frontiera<\/strong> o la <strong>Prefettura<\/strong> competente per territorio. Per quesiti relativi all\u2019attivazione della sorveglianza sanitaria, contattare l\u2019<strong>Azienda Sanitaria<\/strong> competente per territorio o il numero dedicato del <strong>Ministero della Salute 1500<\/strong>.<\/p>\n<p>I <strong>voli<\/strong> sono ancora soggetti a frequenti cancellazioni. Si raccomanda di consultare sempre la compagnia aerea di riferimento per confermare l\u2019operativit\u00e0 del proprio volo.<\/p>\n<p><span style=\"text-decoration: underline;\"><strong>INGRESSO IN ITALIA FINO AL 6 APRILE 2021<\/strong><\/span><\/p>\n<p>L\u2019ingresso in Italia di chi proviene dalla Repubblica Ceca \u00e8 consentito senza necessit\u00e0 di indicare una motivazione.<\/p>\n<p>Di seguito la PROCEDURA da seguire:<\/p>\n<p>\u00b7 effettuare un <strong>tampone antigenico o molecolare nelle 48 ore antecedenti l\u2019ingresso<\/strong> in territorio italiano<\/p>\n<p>\u00b7 compilare un\u2019<strong>autodichiarazione<\/strong> (il modello pu\u00f2 essere recuperato al seguente link <a href=\"https:\/\/www.esteri.it\/mae\/it\/ministero\/normativaonline\/decreto-iorestoacasa-domande-frequenti\/focus-cittadini-italiani-in-rientro-dall-estero-e-cittadini-stranieri-in-italia.html\">https:\/\/www.esteri.it\/mae\/it\/ministero\/normativaonline\/decreto-iorestoacasa-domande-frequenti\/focus-cittadini-italiani-in-rientro-dall-estero-e-cittadini-stranieri-in-italia.html<\/a>) da portare con s\u00e9 durante il viaggio ed esibire prima dell\u2019imbarco o in caso di controlli sul territorio<\/p>\n<p>\u00b7 comunicare il proprio arrivo alla ASL competente<\/p>\n<p><span style=\"text-decoration: underline;\"><strong>DIVIETO DI SPOSTAMENTI TRA LE REGIONI ITALIANE<\/strong><\/span><\/p>\n<p>Sull\u2019intero territorio nazionale<strong> \u00e8 vietato ogni spostamento in entrata e in uscita tra i territori di diverse regioni o province autonome<\/strong>, salvi gli spostamenti motivati da <strong>comprovate<\/strong> esigenze <strong>lavorative<\/strong>, situazioni di <strong>necessit\u00e0<\/strong>, motivi di <strong>salute<\/strong>, rientro presso la propria <strong>residenza, domicilio o abitazione<\/strong>. In questi casi, \u00e8 necessario compilare un\u2019altra auto-dichiarazione, il cui modello pu\u00f2 essere recuperato al seguente link <a href=\"https:\/\/www.interno.gov.it\/sites\/default\/files\/2020-10\/modello_autodichiarazione_editabile_ottobre_2020.pdf\">https:\/\/www.interno.gov.it\/sites\/default\/files\/2020-10\/modello_autodichiarazione_editabile_ottobre_2020.pdf<\/a>. Si consiglia di portare con s\u00e9 la documentazione attestante le motivazioni del viaggio.<\/p>\n<p>Il divieto di spostamento tra regioni, con le relative eccezioni, nonch\u00e9 le ulteriori restrizioni previste per il 3, 4 e 5 aprile si applicano anche a chi viaggia da e per l\u2019estero.<\/p>\n","protected":false},"excerpt":{"rendered":"SPOSTAMENTI DALL\u2019ITALIA ALLA REPUBBLICA CECA Lo stato di emergenza, in vigore dal 5 ottobre, \u00e8 prorogato fino al 28 marzo. Rimangono in vigore le seguenti misure restrittive. E\u2019 vietato l\u2019ingresso degli stranieri in Repubblica Ceca, ad eccezione dei viaggi indispensabili, motivati da: \u00b7 rientro presso la propria residenza \u00b7 esigenze lavorative \u00b7 studio \u00b7 salute [&hellip;]","protected":false},"author":1,"featured_media":0,"comment_status":"","ping_status":"","sticky":false,"template":"","format":"standard","meta":{"footnotes":""},"tags":[],"class_list":["post-1446","post","type-post","status-publish","format-standard","hentry"],"_links":{"self":[{"href":"https:\/\/ambpraga.esteri.it\/it\/wp-json\/wp\/v2\/posts\/1446","targetHints":{"allow":["GET"]}}],"collection":[{"href":"https:\/\/ambpraga.esteri.it\/it\/wp-json\/wp\/v2\/posts"}],"about":[{"href":"https:\/\/ambpraga.esteri.it\/it\/wp-json\/wp\/v2\/types\/post"}],"author":[{"embeddable":true,"href":"https:\/\/ambpraga.esteri.it\/it\/wp-json\/wp\/v2\/users\/1"}],"replies":[{"embeddable":true,"href":"https:\/\/ambpraga.esteri.it\/it\/wp-json\/wp\/v2\/comments?post=1446"}],"version-history":[{"count":0,"href":"https:\/\/ambpraga.esteri.it\/it\/wp-json\/wp\/v2\/posts\/1446\/revisions"}],"wp:attachment":[{"href":"https:\/\/ambpraga.esteri.it\/it\/wp-json\/wp\/v2\/media?parent=1446"}],"wp:term":[{"taxonomy":"post_tag","embeddable":true,"href":"https:\/\/ambpraga.esteri.it\/it\/wp-json\/wp\/v2\/tags?post=1446"}],"curies":[{"name":"wp","href":"https:\/\/api.w.org\/{rel}","templated":true}]}}