{"id":1454,"date":"2021-03-03T08:53:04","date_gmt":"2021-03-03T07:53:04","guid":{"rendered":"https:\/\/ambpraga.esteri.it\/news\/dall_ambasciata\/2021\/03\/italiana-lingua-cultura-creativita\/"},"modified":"2021-03-03T08:53:04","modified_gmt":"2021-03-03T07:53:04","slug":"italiana-lingua-cultura-creativita","status":"publish","type":"post","link":"https:\/\/ambpraga.esteri.it\/it\/news\/dall_ambasciata\/2021\/03\/italiana-lingua-cultura-creativita\/","title":{"rendered":"ITALIANA &#8211; lingua cultura creativit\u00e0 nel mondo. Conferenza stampa di presentazione il 4 marzo alle ore 15.00 sul canale YouTube della Farnesina"},"content":{"rendered":"<p><strong>&#8220;Italiana &#8211; lingua cultura creativit\u00e0 nel mondo&#8221;<\/strong> \u00e8 il portale di promozione della cultura e della lingua italiana a cura del Ministero degli Affari Esteri e della Cooperazione Internazionale che porter\u00e0 il meglio delle novit\u00e0 culturali del nostro Paese nella rete Esteri. La <strong>conferenza stampa di presentazione<\/strong> \u00e8 in programma il <strong>4 marzo alle ore 15.00 sul canale YouTube della Farnesina<\/strong> (YouTube.com\/MinisteroEsteri).<\/p>\n<p>La cultura \u00e8 un elemento essenziale dell\u2019identit\u00e0 italiana nel mondo e rappresenta un patrimonio materiale e immateriale cui attingere per affrontare le sfide della contemporaneit\u00e0. Ne fanno parte la lingua italiana, come eredit\u00e0 del passato e ponte verso il futuro, e la ricerca scientifica, settore in cui il nostro Paese pu\u00f2 vantare eccellenze a livello mondiale. La diplomazia culturale italiana abbraccia un ampio raggio di attivit\u00e0: arte, cinema, letteratura e spettacolo, che si integrano con la diplomazia economica, la promozione del turismo e dello sport, l\u2019internazionalizzazione del sistema universitario, la ricerca e la cooperazione scientifica e tecnologica, la protezione della propriet\u00e0 intellettuale, l\u2019innovazione, il design, la tutela e promozione delle produzioni enogastronomiche.<\/p>\n<p>Il portale sar\u00e0 attivo sul seguente link: <a href=\"http:\/\/italiana.esteri.it\/\">http:\/\/italiana.esteri.it\/<\/a><\/p>\n","protected":false},"excerpt":{"rendered":"&#8220;Italiana &#8211; lingua cultura creativit\u00e0 nel mondo&#8221; \u00e8 il portale di promozione della cultura e della lingua italiana a cura del Ministero degli Affari Esteri e della Cooperazione Internazionale che porter\u00e0 il meglio delle novit\u00e0 culturali del nostro Paese nella rete Esteri. La conferenza stampa di presentazione \u00e8 in programma il 4 marzo alle ore [&hellip;]","protected":false},"author":1,"featured_media":0,"comment_status":"","ping_status":"","sticky":false,"template":"","format":"standard","meta":{"footnotes":""},"tags":[],"class_list":["post-1454","post","type-post","status-publish","format-standard","hentry"],"_links":{"self":[{"href":"https:\/\/ambpraga.esteri.it\/it\/wp-json\/wp\/v2\/posts\/1454","targetHints":{"allow":["GET"]}}],"collection":[{"href":"https:\/\/ambpraga.esteri.it\/it\/wp-json\/wp\/v2\/posts"}],"about":[{"href":"https:\/\/ambpraga.esteri.it\/it\/wp-json\/wp\/v2\/types\/post"}],"author":[{"embeddable":true,"href":"https:\/\/ambpraga.esteri.it\/it\/wp-json\/wp\/v2\/users\/1"}],"replies":[{"embeddable":true,"href":"https:\/\/ambpraga.esteri.it\/it\/wp-json\/wp\/v2\/comments?post=1454"}],"version-history":[{"count":0,"href":"https:\/\/ambpraga.esteri.it\/it\/wp-json\/wp\/v2\/posts\/1454\/revisions"}],"wp:attachment":[{"href":"https:\/\/ambpraga.esteri.it\/it\/wp-json\/wp\/v2\/media?parent=1454"}],"wp:term":[{"taxonomy":"post_tag","embeddable":true,"href":"https:\/\/ambpraga.esteri.it\/it\/wp-json\/wp\/v2\/tags?post=1454"}],"curies":[{"name":"wp","href":"https:\/\/api.w.org\/{rel}","templated":true}]}}