{"id":1456,"date":"2021-02-18T18:13:31","date_gmt":"2021-02-18T17:13:31","guid":{"rendered":"https:\/\/ambpraga.esteri.it\/news\/dall_ambasciata\/2021\/02\/bando-di-partecipazione-a-youth4climate\/"},"modified":"2021-02-18T18:13:31","modified_gmt":"2021-02-18T17:13:31","slug":"bando-di-partecipazione-a-youth4climate","status":"publish","type":"post","link":"https:\/\/ambpraga.esteri.it\/it\/news\/dall_ambasciata\/2021\/02\/bando-di-partecipazione-a-youth4climate\/","title":{"rendered":"Bando di partecipazione a &#8220;Youth4Climate: Driving Ambition&#8221; (Milano, 28.-30.09.2021), evento preparatorio al COP26 (scadenza: 01.03.2021)"},"content":{"rendered":"<p>Nell\u2019ambito della COP26 e della collaborazione dell\u2019Italia con il Regno Unito, che ospiter\u00e0 il Vertice sul Clima a Glasgow nel novembre 2021, sar\u00e0 organizzato dal 28 al 30 settembre a Milano l\u2019evento <strong>\u201cYouth4Climate: Driving Ambition\u201d<\/strong>, progettato per dare voce ai giovani che da anni incoraggiano i governi ad agire con decisione per fare fronte alla sfida del cambiamento climatico.<\/p>\n<p>L&#8217;evento vedr\u00e0 le prime due giornate dedicate a gruppi di lavoro tematici, mentre il terzo giorno sar\u00e0 dedicato ad un confronto tra i giovani delegati e i Ministri partecipanti alla Pre-COP26. Al centro del dibattito: la partecipazione giovanile ai processi decisionali legati al clima a livello multilaterale, nazionale e locale; il rapporto tra la ripresa sostenibile e l&#8217;attuazione degli obiettivi dall&#8217;Accordo di Parigi; il ruolo degli attori non-governativi in relazione al clima e alla sicurezza alimentare, al settore privato, all\u2019innovazione e allo sport; l&#8217;educazione e la comunicazione scientifica. I risultati di &#8220;Youth4Climate: Driving Ambition&#8221; potranno essere recepiti all&#8217;interno di una Dichiarazione finale che sar\u00e0 presentata alla Pre-COP26, tappa intermedia verso la COP26 di Glasgow. La procedura di selezione prevede la possibilit\u00e0 per ogni giovane (15-29 anni) di candidarsi autonomamente per partecipare all&#8217;evento. L&#8217;iniziativa vedr\u00e0 la partecipazione di massimo 400 giovani, nel rispetto di un&#8217;equa rappresentativit\u00e0 di genere, equilibrio geografico e inclusione sociale. I criteri di selezione previsti premieranno il comprovato attivismo del giovane sui temi del cambiamento climatico e dello sviluppo sostenibile. Inoltre attraverso la compilazione di un questionario i candidati dovranno dimostrare, tra le altre cose, di avere pensiero strategico, leadership e motivazione, dimestichezza con i temi legati al cambiamento climatico.<\/p>\n<p>Il bando per partecipare allo \u201cYouth4Climate: Driving Ambition\u201d \u00e8 stato lanciato il 1\u00b0 febbraio e rimarr\u00e0 aperto fino al 1\u00b0 marzo compreso. <a href=\"https:\/\/un.submittable.com\/submit\" target=\"_blank\" rel=\"noopener\">Qui il link<\/a> per candidarsi.<\/p>\n<p>Oltre ad organizzare l\u2019evento, l\u2019Italia sosterr\u00e0 i costi di partecipazione delle persone selezionate (viaggio e alloggio).<\/p>\n<p>\u00a0<\/p>\n<p><strong>Materiali e approfondimenti:<\/strong><\/p>\n<ul>\n<li><a href=\"https:\/\/youth4climate.live\" target=\"_blank\" rel=\"noopener\">Programma Youth4Climate Live<\/a><\/li>\n<li><a href=\"https:\/\/un.submittable.com\/submit\/162028\/youth4climate-driving-ambition\" target=\"_blank\" rel=\"noopener\">Formulario per la candidatura<\/a><\/li>\n<\/ul>\n","protected":false},"excerpt":{"rendered":"Nell\u2019ambito della COP26 e della collaborazione dell\u2019Italia con il Regno Unito, che ospiter\u00e0 il Vertice sul Clima a Glasgow nel novembre 2021, sar\u00e0 organizzato dal 28 al 30 settembre a Milano l\u2019evento \u201cYouth4Climate: Driving Ambition\u201d, progettato per dare voce ai giovani che da anni incoraggiano i governi ad agire con decisione per fare fronte alla [&hellip;]","protected":false},"author":1,"featured_media":0,"comment_status":"","ping_status":"","sticky":false,"template":"","format":"standard","meta":{"footnotes":""},"tags":[],"class_list":["post-1456","post","type-post","status-publish","format-standard","hentry"],"_links":{"self":[{"href":"https:\/\/ambpraga.esteri.it\/it\/wp-json\/wp\/v2\/posts\/1456","targetHints":{"allow":["GET"]}}],"collection":[{"href":"https:\/\/ambpraga.esteri.it\/it\/wp-json\/wp\/v2\/posts"}],"about":[{"href":"https:\/\/ambpraga.esteri.it\/it\/wp-json\/wp\/v2\/types\/post"}],"author":[{"embeddable":true,"href":"https:\/\/ambpraga.esteri.it\/it\/wp-json\/wp\/v2\/users\/1"}],"replies":[{"embeddable":true,"href":"https:\/\/ambpraga.esteri.it\/it\/wp-json\/wp\/v2\/comments?post=1456"}],"version-history":[{"count":0,"href":"https:\/\/ambpraga.esteri.it\/it\/wp-json\/wp\/v2\/posts\/1456\/revisions"}],"wp:attachment":[{"href":"https:\/\/ambpraga.esteri.it\/it\/wp-json\/wp\/v2\/media?parent=1456"}],"wp:term":[{"taxonomy":"post_tag","embeddable":true,"href":"https:\/\/ambpraga.esteri.it\/it\/wp-json\/wp\/v2\/tags?post=1456"}],"curies":[{"name":"wp","href":"https:\/\/api.w.org\/{rel}","templated":true}]}}