{"id":1465,"date":"2021-02-01T14:34:05","date_gmt":"2021-02-01T13:34:05","guid":{"rendered":"https:\/\/ambpraga.esteri.it\/news\/dall_ambasciata\/2021\/02\/voci-dalla-farnesina-aerospazio\/"},"modified":"2021-02-01T14:34:05","modified_gmt":"2021-02-01T13:34:05","slug":"voci-dalla-farnesina-aerospazio","status":"publish","type":"post","link":"https:\/\/ambpraga.esteri.it\/it\/news\/dall_ambasciata\/2021\/02\/voci-dalla-farnesina-aerospazio\/","title":{"rendered":"Voci dalla Farnesina: AEROSPAZIO, ITALIA E REPUBBLICA CECA RAFFORZANO LA COOPERAZIONE BILATERALE"},"content":{"rendered":"<p>Intervento dell&#8217;Ambasciatore Lorenzo Angeloni, Direttore Generale per le Promozione del Sistema Paese del Ministero degli Affari Esteri e della Cooperazione Internazionale sul seguente link: <a>https:\/\/www.spreaker.com\/user\/italymfa\/20210127-farnesina-imprese-aerospazio <\/a><\/p>\n<p>La cooperazione bilaterale tra Italia e Repubblica Ceca nel settore dell\u2019aerospazio al centro dell\u2019Italy-Czech Republic Aerospace Business Forum, un incontro online che consentir\u00e0 di approfondire le collaborazioni gi\u00e0 esistenti e di esplorare possibilit\u00e0 di partecipazione congiunta a progetti internazionali, in particolare europei, e nei paesi terzi.<\/p>\n","protected":false},"excerpt":{"rendered":"Intervento dell&#8217;Ambasciatore Lorenzo Angeloni, Direttore Generale per le Promozione del Sistema Paese del Ministero degli Affari Esteri e della Cooperazione Internazionale sul seguente link: https:\/\/www.spreaker.com\/user\/italymfa\/20210127-farnesina-imprese-aerospazio La cooperazione bilaterale tra Italia e Repubblica Ceca nel settore dell\u2019aerospazio al centro dell\u2019Italy-Czech Republic Aerospace Business Forum, un incontro online che consentir\u00e0 di approfondire le collaborazioni gi\u00e0 esistenti e [&hellip;]","protected":false},"author":1,"featured_media":0,"comment_status":"","ping_status":"","sticky":false,"template":"","format":"standard","meta":{"footnotes":""},"tags":[],"class_list":["post-1465","post","type-post","status-publish","format-standard","hentry"],"_links":{"self":[{"href":"https:\/\/ambpraga.esteri.it\/it\/wp-json\/wp\/v2\/posts\/1465","targetHints":{"allow":["GET"]}}],"collection":[{"href":"https:\/\/ambpraga.esteri.it\/it\/wp-json\/wp\/v2\/posts"}],"about":[{"href":"https:\/\/ambpraga.esteri.it\/it\/wp-json\/wp\/v2\/types\/post"}],"author":[{"embeddable":true,"href":"https:\/\/ambpraga.esteri.it\/it\/wp-json\/wp\/v2\/users\/1"}],"replies":[{"embeddable":true,"href":"https:\/\/ambpraga.esteri.it\/it\/wp-json\/wp\/v2\/comments?post=1465"}],"version-history":[{"count":0,"href":"https:\/\/ambpraga.esteri.it\/it\/wp-json\/wp\/v2\/posts\/1465\/revisions"}],"wp:attachment":[{"href":"https:\/\/ambpraga.esteri.it\/it\/wp-json\/wp\/v2\/media?parent=1465"}],"wp:term":[{"taxonomy":"post_tag","embeddable":true,"href":"https:\/\/ambpraga.esteri.it\/it\/wp-json\/wp\/v2\/tags?post=1465"}],"curies":[{"name":"wp","href":"https:\/\/api.w.org\/{rel}","templated":true}]}}