{"id":1466,"date":"2021-01-29T18:45:47","date_gmt":"2021-01-29T17:45:47","guid":{"rendered":"https:\/\/ambpraga.esteri.it\/news\/dall_ambasciata\/2021\/01\/czech-italian-aerospace-business\/"},"modified":"2021-01-29T18:45:47","modified_gmt":"2021-01-29T17:45:47","slug":"czech-italian-aerospace-business","status":"publish","type":"post","link":"https:\/\/ambpraga.esteri.it\/it\/news\/dall_ambasciata\/2021\/01\/czech-italian-aerospace-business\/","title":{"rendered":"CZECH-ITALIAN AEROSPACE BUSINESS FORUM"},"content":{"rendered":"<p>L\u2019Ambasciata d\u2019Italia a Praga e il Ministero dei Trasporti ceco organizzano il prossimo 3 febbraio, a partire dalle 10, il Czech-Italian Aerospace Business Forum. L\u2019evento, che si svolger\u00e0 in VTC, sar\u00e0 aperto dal Vice Ministro dei Trasporti, Jan Sechter. Seguiranno gli interventi del Presidente di ASI, Giorgio Saccoccia, del Presidente della Czech Space Alliance, Petr Bare\u0161, del Presidente dell\u2019Association of the Czech AeroSpace Industry, Josef Ka\u0161par, del Vice Presidente di AMSP \u010cR, Ev\u017een Reitschl\u00e4ger, il Presidente di ASAS e rappresentante del settore industriale italiano, Lorenzo D\u2019Onghia, il Presidente di Lombardia Aerospace Cluster, Angelo Vallerani, il Presidente del Distretto Aerospaziale Pugliese, Giuseppe Acierno. Il Business Forum sar\u00e0 moderato dal Direttore Generale del Ministero dei Trasporti, V\u00e1clav Kobera.<br \/>Dopo la sessione plenaria, sar\u00e0 dato ampio spazio agli oltre 45 incontri B2B virtuali.<br \/>L\u2019evento consentir\u00e0 di approfondire le collaborazioni gi\u00e0 esistenti e di esplorare nuove possibilit\u00e0 di partecipazione congiunta a progetti internazionali, in particolare europei, e nei Paesi terzi.<br \/>Le aziende italiane interessate a partecipare possono mandare un\u2019e-mail a commerciale.praga@esteri.it, entro le ore 13.00 di marted\u00ec 2 febbraio.<\/p>\n","protected":false},"excerpt":{"rendered":"L\u2019Ambasciata d\u2019Italia a Praga e il Ministero dei Trasporti ceco organizzano il prossimo 3 febbraio, a partire dalle 10, il Czech-Italian Aerospace Business Forum. L\u2019evento, che si svolger\u00e0 in VTC, sar\u00e0 aperto dal Vice Ministro dei Trasporti, Jan Sechter. Seguiranno gli interventi del Presidente di ASI, Giorgio Saccoccia, del Presidente della Czech Space Alliance, Petr [&hellip;]","protected":false},"author":1,"featured_media":0,"comment_status":"","ping_status":"","sticky":false,"template":"","format":"standard","meta":{"footnotes":""},"tags":[],"class_list":["post-1466","post","type-post","status-publish","format-standard","hentry"],"_links":{"self":[{"href":"https:\/\/ambpraga.esteri.it\/it\/wp-json\/wp\/v2\/posts\/1466","targetHints":{"allow":["GET"]}}],"collection":[{"href":"https:\/\/ambpraga.esteri.it\/it\/wp-json\/wp\/v2\/posts"}],"about":[{"href":"https:\/\/ambpraga.esteri.it\/it\/wp-json\/wp\/v2\/types\/post"}],"author":[{"embeddable":true,"href":"https:\/\/ambpraga.esteri.it\/it\/wp-json\/wp\/v2\/users\/1"}],"replies":[{"embeddable":true,"href":"https:\/\/ambpraga.esteri.it\/it\/wp-json\/wp\/v2\/comments?post=1466"}],"version-history":[{"count":0,"href":"https:\/\/ambpraga.esteri.it\/it\/wp-json\/wp\/v2\/posts\/1466\/revisions"}],"wp:attachment":[{"href":"https:\/\/ambpraga.esteri.it\/it\/wp-json\/wp\/v2\/media?parent=1466"}],"wp:term":[{"taxonomy":"post_tag","embeddable":true,"href":"https:\/\/ambpraga.esteri.it\/it\/wp-json\/wp\/v2\/tags?post=1466"}],"curies":[{"name":"wp","href":"https:\/\/api.w.org\/{rel}","templated":true}]}}