{"id":1489,"date":"2020-12-04T11:02:12","date_gmt":"2020-12-04T10:02:12","guid":{"rendered":"https:\/\/ambpraga.esteri.it\/news\/dall_ambasciata\/2020\/12\/al-via-la-presidenza-italiana-del\/"},"modified":"2020-12-04T11:02:12","modified_gmt":"2020-12-04T10:02:12","slug":"al-via-la-presidenza-italiana-del","status":"publish","type":"post","link":"https:\/\/ambpraga.esteri.it\/it\/news\/dall_ambasciata\/2020\/12\/al-via-la-presidenza-italiana-del\/","title":{"rendered":"AL VIA LA PRESIDENZA ITALIANA DEL G20"},"content":{"rendered":"<p><strong>Il primo dicembre 2020 \u00e8 cominciata ufficialmente la Presidenza italiana del G20.<\/strong><br \/>Il calendario prevede lo svolgimento di numerose riunioni ministeriali, cui va aggiunto il Vertice dei Leader a Roma il 30-31 ottobre 2021, e una lunga serie di \u2018eventi speciali\u2019 che copriranno gran parte del territorio nazionale e avranno inizio nel mese di maggio.<\/p>\n<p><strong>Il calendario delle ministeriali si articola secondo il seguente schema:<\/strong><\/p>\n<p>Cultura-Turismo a Roma, 3-4 maggio. Lavoro-Istruzione a Catania, 22-23 giugno. Esteri-Sviluppo a Matera con sessione ad hoc sulla Cooperazione allo Sviluppo a Brindisi, 28-30 giugno. Economia e Finanze a Venezia, 9-10 luglio. Ambiente-Clima-Energia a Napoli, 22-23 luglio. Innovazione e Ricerca a Trieste, 5-6 agosto. Salute a Roma, 5-6 settembre. Agricoltura a Firenze, 19-20 settembre. Commercio internazionale a Sorrento, 5 ottobre. Segmento ministeriale congiunto MEF-Salute in occasione del Vertice finale del 30-31 ottobre a Roma.<\/p>\n<p>Si terr\u00e0 inoltre il 26 agosto una Conferenza ministeriale internazionale sul women\u2019s empowerment. Il luogo di svolgimento sar\u00e0 definito a breve.<\/p>\n<p><strong>Eventi speciali<\/strong><\/p>\n<p>Si tratta di una serie di eventi di alto profilo in cui saranno affrontate materie specifiche e che vedranno il coinvolgimento di altre realt\u00e0 territoriali del Paese. In particolare, gli \u2018eventi speciali\u2019 saranno dedicati ai grandi temi dell\u2019agenda globale, ad esempio la tutela della salute e la sostenibilit\u00e0, l\u2019empowerment femminile, l\u2019innovazione e la ricerca, la lotta alla corruzione. Il calendario di questi appuntamenti \u00e8 in fase di avanzata definizione. Verranno coinvolte, fra le altre, la Lombardia, la Liguria, il Piemonte, l\u2019Emilia-Romagna, l\u2019Umbria, l\u2019Abruzzo, la Puglia, la Calabria, la Sicilia, la Sardegna. Uno sforzo corale che vedr\u00e0 come protagonisti citt\u00e0, borghi, scuole, universit\u00e0, eccellenze italiane.<\/p>\n<p><strong>Oltre a guidare i lavori del G20, l\u2019Italia nel 2021 sar\u00e0 partner del Regno Unito nella COP26 sui cambiamenti climatici.<\/strong> L\u2019incontro preparatorio della Conferenza, la cosiddetta PreCop, e il connesso evento Giovani si svolgeranno a Milano, rispettivamente il 30 settembre-2 ottobre e il 28-30 settembre. Nell\u2019ambito del G20, l\u2019Italia, inoltre, ospiter\u00e0 un ulteriore evento di straordinaria importanza in un anno che vedr\u00e0 il nostro Paese ancora pi\u00f9 del solito al centro delle questioni globali: in collaborazione con la Commissione Europea, il prossimo 21 maggio si terr\u00e0 a Roma il Global Health Summit, che ha l\u2019obiettivo di affrontare le principali sfide connesse all\u2019emergenza sanitaria con un approccio sinergico<\/p>\n<p><strong>Sito Web e Social Media<\/strong><\/p>\n<p>Per maggiori informazioni e per aggiornamenti, <strong>il sito web ufficiale della Presidenza italiana del G20 \u00e8 il seguente: <a href=\"http:\/\/www.g20.org\">www.g20.org<\/a><\/strong>\u00a0<\/p>\n<p>COP 26:\u00a0<a href=\"https:\/\/unclimatesummit.org\/\">https:\/\/unclimatesummit.org\/<\/a>\u00a0\/ Facebook: @unclimatesummit \/ Twitter:\u00a0@UNClimateSummit \u00a0<\/p>\n<p>La Presidenza del G20 \u00e8 attiva anche sui social media:<\/p>\n<p>Twitter: <a href=\"https:\/\/twitter.com\/g20org\">https:\/\/twitter.com\/g20org<\/a>\u00a0<\/p>\n<p>Facebook: <a href=\"https:\/\/www.facebook.com\/g20org\">https:\/\/www.facebook.com\/g20org<\/a>\u00a0<\/p>\n<p>Instagram: <a href=\"https:\/\/www.instagram.com\/g20org\">https:\/\/www.instagram.com\/g20org<\/a>\u00a0<\/p>\n","protected":false},"excerpt":{"rendered":"Il primo dicembre 2020 \u00e8 cominciata ufficialmente la Presidenza italiana del G20.Il calendario prevede lo svolgimento di numerose riunioni ministeriali, cui va aggiunto il Vertice dei Leader a Roma il 30-31 ottobre 2021, e una lunga serie di \u2018eventi speciali\u2019 che copriranno gran parte del territorio nazionale e avranno inizio nel mese di maggio. Il [&hellip;]","protected":false},"author":1,"featured_media":0,"comment_status":"","ping_status":"","sticky":false,"template":"","format":"standard","meta":{"footnotes":""},"tags":[],"class_list":["post-1489","post","type-post","status-publish","format-standard","hentry"],"_links":{"self":[{"href":"https:\/\/ambpraga.esteri.it\/it\/wp-json\/wp\/v2\/posts\/1489","targetHints":{"allow":["GET"]}}],"collection":[{"href":"https:\/\/ambpraga.esteri.it\/it\/wp-json\/wp\/v2\/posts"}],"about":[{"href":"https:\/\/ambpraga.esteri.it\/it\/wp-json\/wp\/v2\/types\/post"}],"author":[{"embeddable":true,"href":"https:\/\/ambpraga.esteri.it\/it\/wp-json\/wp\/v2\/users\/1"}],"replies":[{"embeddable":true,"href":"https:\/\/ambpraga.esteri.it\/it\/wp-json\/wp\/v2\/comments?post=1489"}],"version-history":[{"count":0,"href":"https:\/\/ambpraga.esteri.it\/it\/wp-json\/wp\/v2\/posts\/1489\/revisions"}],"wp:attachment":[{"href":"https:\/\/ambpraga.esteri.it\/it\/wp-json\/wp\/v2\/media?parent=1489"}],"wp:term":[{"taxonomy":"post_tag","embeddable":true,"href":"https:\/\/ambpraga.esteri.it\/it\/wp-json\/wp\/v2\/tags?post=1489"}],"curies":[{"name":"wp","href":"https:\/\/api.w.org\/{rel}","templated":true}]}}