{"id":1494,"date":"2020-11-25T13:20:22","date_gmt":"2020-11-25T12:20:22","guid":{"rendered":"https:\/\/ambpraga.esteri.it\/news\/dall_ambasciata\/2020\/11\/mittelcinemafest-2020-programma\/"},"modified":"2020-11-25T13:20:22","modified_gmt":"2020-11-25T12:20:22","slug":"mittelcinemafest-2020-programma","status":"publish","type":"post","link":"https:\/\/ambpraga.esteri.it\/it\/news\/dall_ambasciata\/2020\/11\/mittelcinemafest-2020-programma\/","title":{"rendered":"MITTELCINEMAFEST 2020 &#8211; PROGRAMMA E COLLEGAMENTI"},"content":{"rendered":"<p><strong>VIII edizione per la Repubblica Ceca del MittelCinemaFest \u2013 Festival centro-europeo del cinema italiano<\/strong><\/p>\n<p>L\u2019emergenza sanitaria non ferma il MittelCinemaFest, che in occasione della VIII edizione presenter\u00e0 il meglio della recente produzione cinematografica italiana, con numerose pellicole proiettate all\u2019ultimo festival di Venezia, in versione gratuita on-line per l\u2019intera Repubblica Ceca. I film saranno proiettati in lingua originale, con sottotitoli in ceco e in inglese. Grazie al sostegno dell\u2019Istituto Luce Cinecitt\u00e0, questa edizione del MittelCinemaFest vanta la collaborazione con la brillante fumettista Silvia Ziche che ha disegnato l\u2019immagine guida della rassegna.<\/p>\n<p>10 pellicole della rassegna di quest&#8217;anno saranno fruibili gratuitamente fino ad esaurimento dei posti della sala virtuale sulla piattaforma MyMovies.it in lingua originale con i sottotitoli cechi o inglesi e 1 sulla piattaforma Moje Kino Live in collaborazione con Aerofilms.cz con i sottotitoli cechi.<\/p>\n<p>Ad eccezione del film Maledetto Modigliani, tutte le proiezioni potranno essere avviate entro 3 ore dall\u2019orario pianificato o fino ad esaurimento dei posti nella sala virtuale.<\/p>\n<p>I film saranno proiettati in lingua originale con sottotitoli a scelta, in ceco o in inglese.<\/p>\n<p>Il film Maledetto Modigliani sar\u00e0 visibile solo in diretta alle ore 19:00 in lingua italiana e con sottotitoli in ceco.<\/p>\n<p>Tutte le proiezioni in programma sono gratuite.<\/p>\n<p>Organizzano l\u2019Ambasciata d\u2019Italia a Praga, l\u2019Istituto Italiano di Cultura, la Camera di Commercio e dell\u2019Industria Italo-Ceca, l\u2019ENIT \u2013 Ente Nazionale Italiano per il Turismo, l\u2019Istituto Luce Cinecitt\u00e0 e il cinema Lucerna di Praga, in collaborazione con il Comune di Praga, Aerofilms, Segafredo Zanetti, Ferrero, fondazione Eleutheria e hotel Alchymist. Media partner: La Pagina, Progetto Repubblica Ceca, DESIGN home and garden, Caf\u00e8 Boheme, Italia Praga One Way, Radio 1, Patrimonio Italiano TV, IBC \u2013 Italian Business Center, CSFD &#8211; \u010cesko-Slovensk\u00e1 filmov\u00e1 datab\u00e1ze, Echo 24 ed expats.cz.<\/p>\n<p>Maggiori informazioni sul sito del Festival (<a href=\"http:\/\/www.mittelcinemafest.cz\">www.mittelcinemafest.cz<\/a>) oppure sulla homepage dell\u2019Istituto Italiano di Cultura di Praga (<a href=\"https:\/\/iicpraga.esteri.it\/iic_praga\/it\/\">https:\/\/iicpraga.esteri.it\/iic_praga\/it\/<\/a>).<\/p>\n<p><strong>Programma integrale (it\/cz\/eng) e registrazioni su: <a href=\"https:\/\/iicpraga.voxmail.it\/p\/jv7ac5\/c-b1e0ab4f\">https:\/\/iicpraga.voxmail.it\/p\/jv7ac5\/c-b1e0ab4f<\/a><\/strong><\/p>\n<p>\u00a0<\/p>\n<p>26\/11\/2020, a partire dalle ore 19.00<\/p>\n<p><strong>LACCI \/ TKANI\u010cKY<\/strong> (titolo internazionale: THE TIES), regia di Daniele Luchetti<\/p>\n<p>cast: Alba Rohrwacher, Luigi Lo Cascio, Laura Morante, Silvio Orlando, Giovanna Mezzogiorno, Adriano Giannini, Linda Caridi, Francesca De Sapio; anno: 2020;\u00a0 durata: 100&#8242;<\/p>\n<p>Napoli, primi anni \u201880: il matrimonio di Aldo e Vanda entra in crisi quando Aldo si innamora della giovane Lidia. Trent\u2019anni dopo, Aldo e Vanda sono ancora sposati. Un giallo sui sentimenti, una storia di lealt\u00e0 ed infedelt\u00e0, di rancore e vergogna. Un tradimento, il dolore, una scatola segreta, la casa devastata, un gatto, la voce degli innamorati e quella dei disamorati.<\/p>\n<p>LINK PER LA REGISTRAZIONE: <a>https:\/\/www.mymovies.it\/ondemand\/mittel-cinema-fest\/movie\/mittel-lacci\/<\/a><\/p>\n<p>\u00a0<\/p>\n<p>27\/11\/2020 a partire dalle ore 17.00<\/p>\n<p><strong>COSA SAR\u00c0<\/strong> (titolo internazionale: EVERYTHING&#8217;S GONNA BE ALRIGHT, regia di: Francesco Bruni (anno: 2020; durata: 101&#8242;)<\/p>\n<p>cast: Kim Rossi Stuart, Lorenza Indovina, Barbara Ronchi, Giuseppe Pambieri, Raffaella Lebboroni, Nicola Nocella, Fotin\u00ec Peluso, Tancredi Galli, Elettra Mallaby, Stefano Rossi Giordani, Ninni Bruschetta. La vita di Bruno Salvati \u00e8 in una fase di stallo. \u202fI suoi film non hanno mai avuto successo e il suo produttore fatica a mettere in piedi il prossimo progetto. Sua moglie Anna, dalla quale si \u00e8 recentemente separato, sembra gi\u00e0 avere qualcun altro accanto.\u202f E per i figli Adele e Tito, Bruno non riesce a essere il padre presente e affidabile che vorrebbe. Un giorno Bruno scopre di avere una forma di leucemia. Si affida immediatamente a un\u2019ematologa competente e tenace, che lo accompagna in quello che sar\u00e0 un vero e proprio percorso a ostacoli verso la guarigione. Il\u202fprimo obiettivo \u00e8 trovare un donatore di cellule staminali compatibile: dopo alcuni tentativi falliti, Bruno comincia ad avere seriamente paura, cosa sar\u00e0 di lui?<\/p>\n<p>LINK PER LA REGISTRAZIONE:\u00a0<a href=\"https:\/\/www.mymovies.it\/ondemand\/mittel-cinema-fest\/movie\/mittel-cosa-sara\/\">https:\/\/www.mymovies.it\/ondemand\/mittel-cinema-fest\/movie\/mittel-cosa-sara\/<\/a> <a> \u00a0 <\/a><\/p>\n<p>\u00a0<\/p>\n<p>27\/11\/2020 a partire dalle ore 20.00<\/p>\n<p><strong>VOLEVO NASCONDERMI (<\/strong>titolo internazionale: HIDDEN AWAY,\u00a0 regia di: Giorgio Diritti, anno: 2020, durata: 120\u2019<\/p>\n<p>cast: Elio Germano, Oliver Johann Ewy, Leonardo Carrozzo, Pietro Traldi, Orietta Notari, Andrea Gherpelli, Denis Campitelli, Filippo Marchi, Gianni Fantoni, Paola Lavini, Laura Pizzirani, Maurizio Pagliari, Francesca Manfredini, Daniela Rossi, Mario Perrotta, Paolo Dallasta.<\/p>\n<p>premi: Berlinale 2020: Competition &#8211; Silver Bear for Best Actor (Elio Germano); Globi d&#8217;Oro 2020: Best Film, Best Cinematography<\/p>\n<p>Biografia del grande pittore Antonio Ligabue, un artista diverso dagli altri nel panorama del \u2018900 italiano. Ligabue ha conosciuto povert\u00e0, solitudine, disagio mentale: ma la pittura \u00e8 il suo riscatto.<\/p>\n<p>LINK PER LA REGISTRAZIONE:\u00a0<a href=\"https:\/\/www.mymovies.it\/ondemand\/mittel-cinema-fest\/movie\/mittel-volevo-nascondermi\/\">https:\/\/www.mymovies.it\/ondemand\/mittel-cinema-fest\/movie\/mittel-volevo-nascondermi\/<\/a> <a> \u00a0 <\/a><\/p>\n<p>\u00a0<\/p>\n<p>28\/11\/2020 a partire dalle ore 18.00<\/p>\n<p><strong>I PREDATORI (<\/strong>titolo internazionale: THE PREDATORS, regia di: Pietro Castellitto; anno: 2020, durata: 109&#8242;)<\/p>\n<p>cast: Massimo Popolizio, Manuela Mandracchia, Pietro Castellitto, Giorgio Montanini, Dario Cassini, Anita Caprioli, Marzia Ubaldi, Antonio Gerardi, Nando Paone, Vinicio Marchioni, Claudio Camilli, Liliana Fiorelli, Renato Marchetti, Giulia Petrini, Francesco Borghese<\/p>\n<p>premi: La Biennale di Venezia 2020: Orizzonti &#8211; Award for Best Screenplay<\/p>\n<p>\u00c8 mattina presto, il mare di Ostia \u00e8 calmo. Un uomo bussa a casa di una signora: le vender\u00e0 un orologio. \u00c8 sempre mattina presto quando, qualche giorno dopo, un giovane assistente di filosofia verr\u00e0 lasciato fuori dal gruppo scelto per la riesumazione del corpo di Nietzsche. Due torti subiti. Due famiglie apparentemente incompatibili: i Pavone e i Vismara. Borghese e intellettuale la prima, proletaria e fascista la seconda. Nuclei opposti che condividono la stessa giungla, Roma. Un banale incidente far\u00e0 collidere quei due poli. E la follia di un ragazzo di 25 anni scoprir\u00e0 le carte per rivelare che tutti hanno un segreto e nessuno \u00e8 ci\u00f2 che sembra. E che siamo tutti predatori.<\/p>\n<p>LINK PER LA REGISTRAZIONE: <a href=\"https:\/\/www.mymovies.it\/ondemand\/mittel-cinema-fest\/movie\/mittel-predatori\/\">https:\/\/www.mymovies.it\/ondemand\/mittel-cinema-fest\/movie\/mittel-predatori\/<\/a><\/p>\n<p>\u00a0<\/p>\n<p>28\/11\/2020 a partire dalle ore 20.00<\/p>\n<p><strong>FAVOLACCE<\/strong> (titolo internazionale: BAD TALES, regia di: Damiano D&#8217;Innocenzo, Fabio D&#8217;Innocenzo; anno: 2020, durata: 98&#8242;)<\/p>\n<p>cast: Elio Germano, Barbara Chichiarelli, Lino Musella, Gabriel Montesi, Max Malatesta, Tommaso Di Cola, Giulietta Rebeggiani, Justin Korovkin, Giulia Melillo, Laura Borgioli, Giulia Galiani, Barbara Ronchi, Ileana D&#8217;Ambra, Cristina Pellegrino, Aldo Ottobrino, Sara Bertel\u00e0<\/p>\n<p>premi: Berlinale 2020: Competition &#8211; Silver Bear for Best Screenplay; Globi d&#8217;Oro 2020: Best Direction, Best Screenplay<\/p>\n<p>Una favola nera che racconta senza filtri le dinamiche che legano i rapporti umani all&#8217;interno di una comunit\u00e0 di famiglie, in un mondo apparentemente normale dove la rabbia e la disperazione sono pronte ad esplodere.<\/p>\n<p>LINK PER LA REGISTRAZIONE: <a>https:\/\/www.mymovies.it\/ondemand\/mittel-cinema-fest\/movie\/mittel-favolacce\/<\/a><\/p>\n<p>\u00a0<\/p>\n<p>29\/11\/2020 a partire dalle ore 17.00<\/p>\n<p><strong>LIFE AS A B-MOVIE: PIERO VIVARELLI (<\/strong>regia di: Fabrizio Laurenti, Niccol\u00f2 Vivarelli; anno: 2017, durata: 90&#8242;)<\/p>\n<p>cast: Quentin Tarantino, Umberto Lenzi, Emir Kusturica, Franco Nero, David Zard, Pupi Avati, Rita Pavone, Gianni Min\u00e0, Giona A. Nazzaro, Beryl Cunningham, Vincenzo Mollica, Marco Giusti, Maria Pia Fusco, Adriano Aragozzini, Enrico Vanzina, Gabriele Salvatores, Manlio Gomarasca, Steve della Casa, Franco Rossetti, Olivier P\u00e8re, Oliviero Vivarelli.<\/p>\n<p>Attraverso una narrazione creativa, il documentario esplora in profondit\u00e0 un territorio trascurato della cultura pop italiana e mondiale e, al contempo, scava in una vita che \u00e8 essa stessa un film di genere, un film \u201calla Vivarelli\u201d: esagerato, ironico, sensuale, pieno di vitalit\u00e0, musica, e tanta azione.<\/p>\n<p>LINK PER LA REGISTRAZIONE: <a>https:\/\/www.mymovies.it\/ondemand\/mittel-cinema-fest\/movie\/mittel-life-as-b-movie\/<\/a><\/p>\n<p>\u00a0<\/p>\n<p>29\/11\/2020 a partire dalle ore 20.00<\/p>\n<p><strong>FIGLI<\/strong> (titolo internazionale: KIDS, regia di: Giuseppe Bonito; anno: 2020, durata: 97&#8242;)<\/p>\n<p>cast: Paola Cortellesi, Valerio Mastandrea, Stefano Fresi, Valerio Aprea, Paolo Calabresi, Andrea Sartoretti, Massimo De Lorenzo, Gianfelice Imparato, Carlo de Ruggeri, Betti Pedrazzi, Cristina Pellegrino, Giorgio Barchiesi<\/p>\n<p>Sara (Paola Cortellesi) e Nicola (Valerio Mastandrea) sono sposati e innamorati. Hanno una bambina di 6 anni, Anna, e una vita felice. L\u2019arrivo del secondo figlio, Pietro, sconvolge gli equilibri di tutta la famiglia dando vita a situazioni tragicomiche. Nonni stravaganti, amici sull\u2019orlo di una crisi di nervi e improbabili baby-sitter non saranno loro di aiuto. Tra attimi di felicit\u00e0 e situazioni di sconforto, Sara e Nicola riusciranno a resistere e a rimanere insieme?<\/p>\n<p>LINK PER LA REGISTRAZIONE: <a href=\"https:\/\/www.mymovies.it\/ondemand\/mittel-cinema-fest\/movie\/mittel-figli\/\">https:\/\/www.mymovies.it\/ondemand\/mittel-cinema-fest\/movie\/mittel-figli\/<\/a><\/p>\n<p>\u00a0<\/p>\n<p>30\/11\/2020 alle ore 19.00 sulla piattaforma di Aerofilms<\/p>\n<p><strong>MALEDETTO MODIGLIANI (<\/strong>titolo internazionale: MAVERICK MODIGLIANI, regia di: Valeria Parisi; anno: 2020, durata: 90&#8242;)<\/p>\n<p>cast: Marc Restellini, Paolo Virz\u00ec, Simone Lenzi, G\u00e9rard Netter, Antonio Marras, Laura Dinelli, Emilia Philippot, Jacqueline Munck, Klaus Albrecht Schr\u00f6der<\/p>\n<p>Il docu-film Visionario Modigliani celebra i cento anni dalla morte di un genio artistico al di l\u00e0 di ogni leggenda e stereotipo. Dalle origini, a Livorno, citt\u00e0 in cui ebbe origine il movimento dei Macchiaioli, passando per Parigi, centro della modernit\u00e0 dove incontr\u00f2 talenti del suo tempo quali Pablo Picasso e Constantin Br\u00e2ncu\u0219i, fino al profondo rapporto con la musa Jeanne H\u00e9butern. Quella di Amedeo Modigliani \u00e8 la storia straordinaria di un eccezionale artista d&#8217;avanguardia, di un grande ribelle e di un ancor pi\u00f9 grande boh\u00e9mien le cui opere si pongono in equilibro tra primitivismo e Rinascimento italiano.<\/p>\n<p>LINK PER LA REGISTRAZIONE:\u00a0 <a href=\"https:\/\/vimeo.com\/480766733\/102ff2bb63\">https:\/\/vimeo.com\/480766733\/102ff2bb63<\/a> <a><\/a><\/p>\n<p>\u00a0<\/p>\n<p>1\/12\/2020 a partire dalle ore 19.00<\/p>\n<p><strong>LE SORELLE MACALUSO (<\/strong>titolo internazionale: THE MACALUSO SISTERS (regia di: Emma Dante; anno: 2020, durata: 94\u2019)<\/p>\n<p>cast: Alissa Maria Orlando, Susanna Piraino, Anita Pomario, Eleonora De Luca, Viola Pusatieri, Donatella Finocchiaro, Serena Barone, Simona Malato, Laura Giordani, Maria Rosaria Alati, Rosalba Bologna, Ileana Rigano<\/p>\n<p>premi: La Biennale di Venezia 2020: Venezia 77 &#8211; Francesco Pasinetti Award for Best Film, Best Actresses, Lizzani Award<\/p>\n<p>Maria, Pinuccia, Lia, Katia, Antonella. L\u2019infanzia, l\u2019et\u00e0 adulta e la vecchiaia di cinque sorelle nate e cresciute in un appartamento all\u2019ultimo piano di una palazzina nella periferia di Palermo. Una casa che porta i segni del tempo che passa come chi ci \u00e8 cresciuto e chi ancora ci abita. La storia di cinque donne, di una famiglia, di chi va via, di chi resta e di chi resiste.<\/p>\n<p>LINK PER LA REGISTRAZIONE: <a href=\"https:\/\/www.mymovies.it\/ondemand\/mittel-cinema-fest\/movie\/mittel-le-sorelle-macaluso\/\">https:\/\/www.mymovies.it\/ondemand\/mittel-cinema-fest\/movie\/mittel-le-sorelle-macaluso\/<\/a><\/p>\n<p>\u00a0<\/p>\n<p>2\/12\/2020 a partire dalle ore 19.00<\/p>\n<p><strong>LA DEA FORTUNA<\/strong> (titolo internazionale: THE GODDESS OF FORTUNE, regia di: Ferzan Ozpetek; anno: 2019, durata: 114&#8242;)<\/p>\n<p>cast: Stefano Accorsi, Edoardo Leo, Jasmine Trinca, Serra Yilmaz, Filippo Nigro, Sara Ciocca, Barbara Alberti, Edoardo Brandi, Cristina Bugatty, Pia Lanciotti, Dora Romano, Barbara Chichiarelli, Carmine Recano, Matteo Martari, Loredana Cannata, Edoardo Purgatori<\/p>\n<p>premi: David di Donatello 2020: Best Actress in a Leading Role (Jasmine Trinca), Best Original Score<\/p>\n<p>Arturo (Stefano Accorsi) e Alessandro (Edoardo Leo) sono una coppia da pi\u00f9 di quindici anni. Nonostante la passione e l\u2019amore si siano trasformati in un affetto importante, la loro relazione \u00e8 in crisi da tempo. L&#8217;improvviso arrivo nelle loro vite di due bambini lasciatigli in custodia per qualche giorno da Annamaria (Jasmine Trinca), la migliore amica di Alessandro, potrebbe per\u00f2 dare un&#8217;insperata svolta alla loro stanca routine. La soluzione sar\u00e0 un gesto folle. Ma d&#8217;altronde l&#8217;amore \u00e8 uno stato di piacevole follia.<\/p>\n<p>LINK PER LA REGISTRAZIONE: <a href=\"https:\/\/www.mymovies.it\/ondemand\/mittel-cinema-fest\/movie\/mittel-la-dea-fortuna\/\">https:\/\/www.mymovies.it\/ondemand\/mittel-cinema-fest\/movie\/mittel-la-dea-fortuna\/<\/a><\/p>\n<p>\u00a0<\/p>\n<p>3\/12\/2020 a partire dalle ore 19.00<\/p>\n<p><strong>PADRENOSTRO<\/strong> (regia di: Claudio Noce, anno: 2020, durata: 121\u2019)<\/p>\n<p>cast: Pierfrancesco Favino, Barbara Ronchi, Mattia Garaci, Francesco Gheghi, Antonio Gerardi, Francesco Colella, Anna Maria De Luca, Mario Pupella, Lea Favino, Eleonora De Luca, Simone Chiacchiararelli<\/p>\n<p>premi: La Biennale di Venezia 2020: Venezia 77 &#8211; Coppa Volpi for Best Actor (Pierfrancesco Favino)<\/p>\n<p>Roma, 1976. Valerio (Mattia Garaci) ha dieci anni e una fervida immaginazione. La sua vita di bambino viene sconvolta quando assiste all\u2019attentato ai danni di suo padre Alfonso (Pierfrancesco Favino) da parte di un commando di terroristi. Da quel momento, la paura e il senso di vulnerabilit\u00e0 segnano drammaticamente i sentimenti di tutta la famiglia. Ma \u00e8 proprio in quei giorni difficili che Valerio conosce Christian (Francesco Gheghi), un ragazzino poco pi\u00f9 grande di lui. Solitario, ribelle e sfrontato, sembra arrivato dal nulla. Quell\u2019incontro, in un\u2019estate carica di scoperte, cambier\u00e0 per sempre le loro vite.<\/p>\n<p>LINK PER LA REGISTRAZIONE: <a href=\"https:\/\/www.mymovies.it\/ondemand\/mittel-cinema-fest\/movie\/mittel-padrenostro\/\">https:\/\/www.mymovies.it\/ondemand\/mittel-cinema-fest\/movie\/mittel-padrenostro\/<\/a><\/p>\n","protected":false},"excerpt":{"rendered":"VIII edizione per la Repubblica Ceca del MittelCinemaFest \u2013 Festival centro-europeo del cinema italiano L\u2019emergenza sanitaria non ferma il MittelCinemaFest, che in occasione della VIII edizione presenter\u00e0 il meglio della recente produzione cinematografica italiana, con numerose pellicole proiettate all\u2019ultimo festival di Venezia, in versione gratuita on-line per l\u2019intera Repubblica Ceca. I film saranno proiettati in [&hellip;]","protected":false},"author":1,"featured_media":0,"comment_status":"","ping_status":"","sticky":false,"template":"","format":"standard","meta":{"footnotes":""},"tags":[],"class_list":["post-1494","post","type-post","status-publish","format-standard","hentry"],"_links":{"self":[{"href":"https:\/\/ambpraga.esteri.it\/it\/wp-json\/wp\/v2\/posts\/1494","targetHints":{"allow":["GET"]}}],"collection":[{"href":"https:\/\/ambpraga.esteri.it\/it\/wp-json\/wp\/v2\/posts"}],"about":[{"href":"https:\/\/ambpraga.esteri.it\/it\/wp-json\/wp\/v2\/types\/post"}],"author":[{"embeddable":true,"href":"https:\/\/ambpraga.esteri.it\/it\/wp-json\/wp\/v2\/users\/1"}],"replies":[{"embeddable":true,"href":"https:\/\/ambpraga.esteri.it\/it\/wp-json\/wp\/v2\/comments?post=1494"}],"version-history":[{"count":0,"href":"https:\/\/ambpraga.esteri.it\/it\/wp-json\/wp\/v2\/posts\/1494\/revisions"}],"wp:attachment":[{"href":"https:\/\/ambpraga.esteri.it\/it\/wp-json\/wp\/v2\/media?parent=1494"}],"wp:term":[{"taxonomy":"post_tag","embeddable":true,"href":"https:\/\/ambpraga.esteri.it\/it\/wp-json\/wp\/v2\/tags?post=1494"}],"curies":[{"name":"wp","href":"https:\/\/api.w.org\/{rel}","templated":true}]}}