{"id":1511,"date":"2020-10-23T09:52:12","date_gmt":"2020-10-23T07:52:12","guid":{"rendered":"https:\/\/ambpraga.esteri.it\/news\/dall_ambasciata\/2020\/10\/a-praga-l-ambasciata-organizza\/"},"modified":"2020-10-23T09:52:12","modified_gmt":"2020-10-23T07:52:12","slug":"a-praga-l-ambasciata-organizza","status":"publish","type":"post","link":"https:\/\/ambpraga.esteri.it\/it\/news\/dall_ambasciata\/2020\/10\/a-praga-l-ambasciata-organizza\/","title":{"rendered":"A PRAGA L\u2019AMBASCIATA ORGANIZZA UN WEB FORUM SULLA SICUREZZA CIBERNETICA DELLE INFRASTRUTTURE STRATEGICHE NEL SETTORE SANITARIO"},"content":{"rendered":"<p>Su iniziativa dell\u2019Ambasciata d\u2019Italia a Praga e del <strong>ministero degli Esteri della Repubblica Ceca<\/strong>, e con la collaborazione dell\u2019<strong>ICE \u2013 Agenzia per la promozione all&#8217;estero e l&#8217;internazionalizzazione delle imprese italiane<\/strong>, del <strong>CCSIRS \u2013 Centro interdipartimentale di studi strategici, internazionali e imprenditoriali<\/strong> dell\u2019universit\u00e0 di Firenze e del <strong>N\u00daKIB \u2013 Agenzia nazionale ceca per la sicurezza informatica e delle informazioni<\/strong>, si \u00e8 tenuto ieri, 22 ottobre, il Live E-Forum<strong> \u201cCritical infrastructures protection: the health sector. Analysis of existing opportunities for scientific and industrial cooperation\u201d<\/strong>, dopo che nel corso della prima fase dell\u2019emergenza Covid-19 una serie di attacchi informatici ha portato alla luce carenze significative da parte ceca nel prevenire e fronteggiare attacchi cyber in grado di paralizzare l\u2019operativit\u00e0 di intere strutture ospedaliere. Una situazione delicata che ha spinto il ministro della Salute ad annunciare risorse aggiuntive per il 2021 al fine di potenziare le difese informatiche degli ospedali cechi.<\/p>\n<p>Come ha sottolineato l\u2019<strong>Ambasciatore Francesco Saverio Nisio<\/strong> nel suo intervento introduttivo, l&#8217;Italia \u00e8 in prima linea in Europa dopo l&#8217;importante aggiornamento del coordinamento nazionale sulla sicurezza cibernetica e lo scambio di buone prassi in materia di tecnologie applicate alla sicurezza nazionale rappresenta una chiave operativa cardine nelle relazioni bilaterali tra Paesi amici, in cui la tutela della collettivit\u00e0 si coniuga con la cooperazione industriale e scientifica.<\/p>\n<p>Nel corso del Forum moderato da Luigi Martino, Direttore del Centro Studi per la sicurezza cibernetica e le relazioni internazionali dell&#8217;Universit\u00e0 di Firenze, i relatori italiani Paolo Prinetto, ordinario al Dipartimento di automazione e informatica del Politecnico di Torino e Direttore del CINI Cybersecurity National Laboratory, Roberto Setola, ordinario al Campus Bio-Medico di Roma e Direttore del master di secondo livello in Homeland Security, Marco Tulliani, Global Chief Security Officer dell&#8217;Engineering Group, e Alessia Valentini, Cybersecurity consultant, business development &#038; Advisor del Gruppo Daman, hanno presentato una valutazione circa alcune strutture strategiche presenti in Italia in termini di cyber-reattivit\u00e0 agli attacchi reali e potenziali, condividendo i risultati maturati nel corso di collaborazioni con attori pubblici e privati che hanno implementato soluzioni specifiche a seguito di minacce informatiche. Da parte ceca sono intervenuti Luk\u00e1\u0161 Pimper, Czech Cyber Attach\u00e9 a Bruxelles, Miroslav Su\u010d\u00edk, Manager del Dipartimento di sicurezza dell&#8217;ospedale Militare di Praga, Pavel Mina\u0159\u00edk, Chief Technology Officer del Flowmon Networks e Petr Chmela\u0159, Chief Research Officer di GreyCortex. Gli esperti cechi hanno presentato dei software innovativi per la sicurezza delle reti, ponendo l\u2019accento sulla duplice natura dei sistemi di protezione informatica: da un lato estremamente complessi per chi tenta azioni di hackeraggio, dall\u2019altro semplici e funzionali per l\u2019utente finale. Da un\u2019analisi della casistica ceca \u00e8 emersa la funzione estorsiva dei virus ransomware impiegati per paralizzare le attivit\u00e0 degli ospedali. Quando i tentativi di ricatto sono stati neutralizzati, gli hacker hanno approfittato dell\u2019accesso a sistemi ormai compromessi per rubare dati sensibili e rivenderli sul deep web.<\/p>\n<p>L&#8217;iniziativa si \u00e8 tenuta in formato online con numerosi partecipanti connessi e ha costituito anche un momento di dialogo produttivo tra istituzioni, aziende e mondo accademico.<\/p>\n","protected":false},"excerpt":{"rendered":"Su iniziativa dell\u2019Ambasciata d\u2019Italia a Praga e del ministero degli Esteri della Repubblica Ceca, e con la collaborazione dell\u2019ICE \u2013 Agenzia per la promozione all&#8217;estero e l&#8217;internazionalizzazione delle imprese italiane, del CCSIRS \u2013 Centro interdipartimentale di studi strategici, internazionali e imprenditoriali dell\u2019universit\u00e0 di Firenze e del N\u00daKIB \u2013 Agenzia nazionale ceca per la sicurezza informatica [&hellip;]","protected":false},"author":1,"featured_media":0,"comment_status":"","ping_status":"","sticky":false,"template":"","format":"standard","meta":{"footnotes":""},"tags":[],"class_list":["post-1511","post","type-post","status-publish","format-standard","hentry"],"_links":{"self":[{"href":"https:\/\/ambpraga.esteri.it\/it\/wp-json\/wp\/v2\/posts\/1511","targetHints":{"allow":["GET"]}}],"collection":[{"href":"https:\/\/ambpraga.esteri.it\/it\/wp-json\/wp\/v2\/posts"}],"about":[{"href":"https:\/\/ambpraga.esteri.it\/it\/wp-json\/wp\/v2\/types\/post"}],"author":[{"embeddable":true,"href":"https:\/\/ambpraga.esteri.it\/it\/wp-json\/wp\/v2\/users\/1"}],"replies":[{"embeddable":true,"href":"https:\/\/ambpraga.esteri.it\/it\/wp-json\/wp\/v2\/comments?post=1511"}],"version-history":[{"count":0,"href":"https:\/\/ambpraga.esteri.it\/it\/wp-json\/wp\/v2\/posts\/1511\/revisions"}],"wp:attachment":[{"href":"https:\/\/ambpraga.esteri.it\/it\/wp-json\/wp\/v2\/media?parent=1511"}],"wp:term":[{"taxonomy":"post_tag","embeddable":true,"href":"https:\/\/ambpraga.esteri.it\/it\/wp-json\/wp\/v2\/tags?post=1511"}],"curies":[{"name":"wp","href":"https:\/\/api.w.org\/{rel}","templated":true}]}}