{"id":1533,"date":"2020-09-28T12:19:32","date_gmt":"2020-09-28T10:19:32","guid":{"rendered":"https:\/\/ambpraga.esteri.it\/news\/dall_ambasciata\/2020\/09\/periodo-di-chiusura-al-pubblico\/"},"modified":"2020-09-28T12:19:32","modified_gmt":"2020-09-28T10:19:32","slug":"periodo-di-chiusura-al-pubblico","status":"publish","type":"post","link":"https:\/\/ambpraga.esteri.it\/it\/news\/dall_ambasciata\/2020\/09\/periodo-di-chiusura-al-pubblico\/","title":{"rendered":"PERIODO DI CHIUSURA AL PUBBLICO DELL&#8217;AMBASCIATA"},"content":{"rendered":"<p>Si comunica che il periodo di chiusura dell\u2019Ambasciata al pubblico per quarantena si concluder\u00e0 venerd\u00ec 2 ottobre incluso. I servizi allo sportello riprenderanno il successivo luned\u00ec 5. L\u2019Ufficio Consolare rimane operativo ai seguenti recapiti: consolare.praga@esteri.it; +420 774 589 752<\/p>\n","protected":false},"excerpt":{"rendered":"Si comunica che il periodo di chiusura dell\u2019Ambasciata al pubblico per quarantena si concluder\u00e0 venerd\u00ec 2 ottobre incluso. I servizi allo sportello riprenderanno il successivo luned\u00ec 5. L\u2019Ufficio Consolare rimane operativo ai seguenti recapiti: consolare.praga@esteri.it; +420 774 589 752","protected":false},"author":1,"featured_media":0,"comment_status":"","ping_status":"","sticky":false,"template":"","format":"standard","meta":{"footnotes":""},"tags":[],"class_list":["post-1533","post","type-post","status-publish","format-standard","hentry"],"_links":{"self":[{"href":"https:\/\/ambpraga.esteri.it\/it\/wp-json\/wp\/v2\/posts\/1533","targetHints":{"allow":["GET"]}}],"collection":[{"href":"https:\/\/ambpraga.esteri.it\/it\/wp-json\/wp\/v2\/posts"}],"about":[{"href":"https:\/\/ambpraga.esteri.it\/it\/wp-json\/wp\/v2\/types\/post"}],"author":[{"embeddable":true,"href":"https:\/\/ambpraga.esteri.it\/it\/wp-json\/wp\/v2\/users\/1"}],"replies":[{"embeddable":true,"href":"https:\/\/ambpraga.esteri.it\/it\/wp-json\/wp\/v2\/comments?post=1533"}],"version-history":[{"count":0,"href":"https:\/\/ambpraga.esteri.it\/it\/wp-json\/wp\/v2\/posts\/1533\/revisions"}],"wp:attachment":[{"href":"https:\/\/ambpraga.esteri.it\/it\/wp-json\/wp\/v2\/media?parent=1533"}],"wp:term":[{"taxonomy":"post_tag","embeddable":true,"href":"https:\/\/ambpraga.esteri.it\/it\/wp-json\/wp\/v2\/tags?post=1533"}],"curies":[{"name":"wp","href":"https:\/\/api.w.org\/{rel}","templated":true}]}}