{"id":1536,"date":"2020-09-20T21:42:08","date_gmt":"2020-09-20T19:42:08","guid":{"rendered":"https:\/\/ambpraga.esteri.it\/news\/dall_ambasciata\/2020\/09\/per-ragioni-sanitarie-l-ambasciata\/"},"modified":"2020-09-20T21:42:08","modified_gmt":"2020-09-20T19:42:08","slug":"per-ragioni-sanitarie-l-ambasciata","status":"publish","type":"post","link":"https:\/\/ambpraga.esteri.it\/it\/news\/dall_ambasciata\/2020\/09\/per-ragioni-sanitarie-l-ambasciata\/","title":{"rendered":"PER RAGIONI SANITARIE L&#8217;AMBASCIATA RIMARR\u00c0 CHIUSA AL PUBBLICO A PARTIRE DA LUNED\u00cc 21 SETTEMBRE. RECAPITI UTILI"},"content":{"rendered":"<p>Un impiegato dell&#8217;Ambasciata \u00e8 risultato positivo al test Covid. Conseguentemente tutto il personale si sta sottoponendo a tamponi accertativi e gli uffici rimarranno chiusi almeno fino a luned\u00ec 28 settembre incluso. Gli appuntamenti gi\u00e0 presi per questa settimana all&#8217;ufficio consolare sono da considerarsi annullati e vanno riprogrammati contattando <a href=\"mailto:consolare.praga@esteri.it\">consolare.praga@esteri.it<\/a> . Ci rincresce per il disagio e nel ricordare che il numero di emergenza \u00e8 603 517 770, si segnala anche che la comunicazione per email ai recapiti abituali ( <a href=\"mailto:ambasciata.praga@esteri.it\">ambasciata.praga@esteri.it<\/a> , <a href=\"mailto:consolare.praga@esteri.it\">consolare.praga@esteri.it<\/a> , <a href=\"mailto:segreteria.praga@esteri.it\">segreteria.praga@esteri.it<\/a> , <a href=\"mailto:commerciale.praga@esteri.it\">commerciale.praga@esteri.it<\/a> ) restano operativi.<\/p>\n<p>Si informa inoltre che durante il periodo di chiusura dell\u2019Ambasciata le comunicazioni con la Cancelleria consolare potranno avvenire sia attraverso posta elettronica al consueto indirizzo <a href=\"mailto:consolare.praga@esteri.it\">consolare.praga@esteri.it sia<\/a> chiamando il numero di cellulare attivato per questa emergenza: +420 774 589 752.<\/p>\n","protected":false},"excerpt":{"rendered":"Un impiegato dell&#8217;Ambasciata \u00e8 risultato positivo al test Covid. Conseguentemente tutto il personale si sta sottoponendo a tamponi accertativi e gli uffici rimarranno chiusi almeno fino a luned\u00ec 28 settembre incluso. Gli appuntamenti gi\u00e0 presi per questa settimana all&#8217;ufficio consolare sono da considerarsi annullati e vanno riprogrammati contattando consolare.praga@esteri.it . Ci rincresce per il disagio [&hellip;]","protected":false},"author":1,"featured_media":0,"comment_status":"","ping_status":"","sticky":false,"template":"","format":"standard","meta":{"footnotes":""},"tags":[],"class_list":["post-1536","post","type-post","status-publish","format-standard","hentry"],"_links":{"self":[{"href":"https:\/\/ambpraga.esteri.it\/it\/wp-json\/wp\/v2\/posts\/1536","targetHints":{"allow":["GET"]}}],"collection":[{"href":"https:\/\/ambpraga.esteri.it\/it\/wp-json\/wp\/v2\/posts"}],"about":[{"href":"https:\/\/ambpraga.esteri.it\/it\/wp-json\/wp\/v2\/types\/post"}],"author":[{"embeddable":true,"href":"https:\/\/ambpraga.esteri.it\/it\/wp-json\/wp\/v2\/users\/1"}],"replies":[{"embeddable":true,"href":"https:\/\/ambpraga.esteri.it\/it\/wp-json\/wp\/v2\/comments?post=1536"}],"version-history":[{"count":0,"href":"https:\/\/ambpraga.esteri.it\/it\/wp-json\/wp\/v2\/posts\/1536\/revisions"}],"wp:attachment":[{"href":"https:\/\/ambpraga.esteri.it\/it\/wp-json\/wp\/v2\/media?parent=1536"}],"wp:term":[{"taxonomy":"post_tag","embeddable":true,"href":"https:\/\/ambpraga.esteri.it\/it\/wp-json\/wp\/v2\/tags?post=1536"}],"curies":[{"name":"wp","href":"https:\/\/api.w.org\/{rel}","templated":true}]}}