{"id":1733,"date":"2018-01-26T17:21:05","date_gmt":"2018-01-26T16:21:05","guid":{"rendered":"https:\/\/ambpraga.esteri.it\/news\/dall_ambasciata\/2018\/01\/comune-di-carbonia-su-bando-di\/"},"modified":"2018-01-26T17:21:05","modified_gmt":"2018-01-26T16:21:05","slug":"comune-di-carbonia-su-bando-di","status":"publish","type":"post","link":"https:\/\/ambpraga.esteri.it\/it\/news\/dall_ambasciata\/2018\/01\/comune-di-carbonia-su-bando-di\/","title":{"rendered":"COMUNE DI CARBONIA (SU) &#8211; BANDO DI CONCORSO PER L\u2019AGGIORNAMENTO DELLA GRADUATORIA GENERALE VALEVOLE AI FINI DELL\u2019ASSEGNAZIONE DEGLI ALLOGGI DI E.R.P."},"content":{"rendered":"<p style=\"text-align: justify;\">E\u2019 indetto, ai sensi dell&#8217;art. 12 della Legge Regionale n\u00b0 13 del 6 aprile 1989 e successive modifiche ed integrazioni, il Bando di concorso per l&#8217;aggiornamento della vigente graduatoria generale e delle sub-graduatorie speciali (&#8220;Anziani&#8221;, &#8220;Giovani coppie&#8221;, &#8220;Handicappati&#8221;) approvate con Determinazione Dirigente IV Servizio. n. 36 del 18\/02\/2016, valevoli ai fini dell&#8217;assegnazione di tutti gli alloggi di edilizia sovvenzionata di nuova edificazione o recuperati, sia di propriet\u00e0 A.R.E.A. che di propriet\u00e0 comunale, disponibili nel Comune d\u00ec Carbonia.<\/p>\n<p style=\"text-align: justify;\">\u00a0<\/p>\n<p style=\"text-align: justify;\">Per maggiori informazioni, vedasi allegati.<\/p>\n<p style=\"text-align: justify;\">\u00a0<\/p>\n<p style=\"text-align: justify;\">\u00a0<\/p>\n<p style=\"text-align: justify;\">\u00a0<\/p>\n<p style=\"text-align: justify;\">Allegati:<\/p>\n<ul style=\"text-align: justify;\">\n<li><a href=\"resource\/doc\/2018\/01\/modulo_di_domanda_.pdf\" target=\"_blank\" rel=\"noopener\">Modulo_di_domanda_.pdf<\/a><\/li>\n<li><a href=\"resource\/doc\/2018\/01\/copia_docprincipale_nota_trasmissione.pdf\" target=\"_blank\" rel=\"noopener\">Copia_DocPrincipale_nota_trasmissione.pdf<\/a><\/li>\n<li><a href=\"resource\/doc\/2018\/01\/bando_integrativo_alloggi__erp_2017_.pdf\" target=\"_blank\" rel=\"noopener\">Bando_integrativo_alloggi__ERP_2017_.pdf<\/a><\/li>\n<\/ul>\n<p style=\"text-align: justify;\">\u00a0<\/p>\n<p style=\"text-align: justify;\">\u00a0<\/p>\n","protected":false},"excerpt":{"rendered":"E\u2019 indetto, ai sensi dell&#8217;art. 12 della Legge Regionale n\u00b0 13 del 6 aprile 1989 e successive modifiche ed integrazioni, il Bando di concorso per l&#8217;aggiornamento della vigente graduatoria generale e delle sub-graduatorie speciali (&#8220;Anziani&#8221;, &#8220;Giovani coppie&#8221;, &#8220;Handicappati&#8221;) approvate con Determinazione Dirigente IV Servizio. n. 36 del 18\/02\/2016, valevoli ai fini dell&#8217;assegnazione di tutti gli [&hellip;]","protected":false},"author":1,"featured_media":0,"comment_status":"","ping_status":"","sticky":false,"template":"","format":"standard","meta":{"footnotes":""},"tags":[],"class_list":["post-1733","post","type-post","status-publish","format-standard","hentry"],"_links":{"self":[{"href":"https:\/\/ambpraga.esteri.it\/it\/wp-json\/wp\/v2\/posts\/1733","targetHints":{"allow":["GET"]}}],"collection":[{"href":"https:\/\/ambpraga.esteri.it\/it\/wp-json\/wp\/v2\/posts"}],"about":[{"href":"https:\/\/ambpraga.esteri.it\/it\/wp-json\/wp\/v2\/types\/post"}],"author":[{"embeddable":true,"href":"https:\/\/ambpraga.esteri.it\/it\/wp-json\/wp\/v2\/users\/1"}],"replies":[{"embeddable":true,"href":"https:\/\/ambpraga.esteri.it\/it\/wp-json\/wp\/v2\/comments?post=1733"}],"version-history":[{"count":0,"href":"https:\/\/ambpraga.esteri.it\/it\/wp-json\/wp\/v2\/posts\/1733\/revisions"}],"wp:attachment":[{"href":"https:\/\/ambpraga.esteri.it\/it\/wp-json\/wp\/v2\/media?parent=1733"}],"wp:term":[{"taxonomy":"post_tag","embeddable":true,"href":"https:\/\/ambpraga.esteri.it\/it\/wp-json\/wp\/v2\/tags?post=1733"}],"curies":[{"name":"wp","href":"https:\/\/api.w.org\/{rel}","templated":true}]}}