{"id":1764,"date":"2017-07-17T12:19:31","date_gmt":"2017-07-17T10:19:31","guid":{"rendered":"https:\/\/ambpraga.esteri.it\/news\/dall_ambasciata\/2017\/07\/il-ministro-della-cultura-franceschini\/"},"modified":"2017-07-17T12:19:31","modified_gmt":"2017-07-17T10:19:31","slug":"il-ministro-della-cultura-franceschini","status":"publish","type":"post","link":"https:\/\/ambpraga.esteri.it\/it\/news\/dall_ambasciata\/2017\/07\/il-ministro-della-cultura-franceschini\/","title":{"rendered":"Il Ministro della Cultura Franceschini a Praga."},"content":{"rendered":"<p style=\"text-align: justify;\"><strong>Rinasce la Cappella degli Italiani e si festeggia il 400\u00b0 anniversario della consacrazione della chiesa di San Carlo Borromeo.<\/strong><\/p>\n<p style=\"text-align: justify;\">\u00a0<\/p>\n<p style=\"text-align: justify;\">21 giungo 2017. In fase conclusiva, a Praga, i lavori di ristrutturazione della cinquecentesca <strong>Cappella dell&#8217;Assunzione della Vergine Maria<\/strong>, luogo simbolo della secolare presenza della comunit\u00e0 italiana in Boemia, rimasta chiusa negli ultimi decenni in condizioni di degrado. A suggellare l\u2019esito positivo dell\u2019opera di restauro, \u00e8 previsto per domani l\u2019arrivo a Praga del ministro dei Beni e delle attivit\u00e0 culturali<strong> Dario Franceschini<\/strong>, il quale interverr\u00e0 alla cerimonia di presentazione insieme al suo omologo ceco <strong>Daniel Herman<\/strong>, al cardinale <strong>Dominik Duka<\/strong>, arcivescovo di Praga, al sindaco di Praga 1,<strong> Oldrich Lomecky<\/strong>, e ad altre autorit\u00e0 tra cui l\u2019esarca della Chiesa uniate cattolica, <strong>Ladislav Hucko<\/strong>, e il direttore generale del ministero degli Esteri,<strong> Edoardo Brunetti<\/strong>.<\/p>\n<p style=\"text-align: justify;\">La Vlasska kaple, nota anche come \u201cCappella degli Italiani\u201d, \u00e8 un bene di propriet\u00e0 dello stato italiano la cui costruzione risale agli ultimi anni del XVI secolo per le esigenze della comunit\u00e0 italiana a Praga, che gi\u00e0 al tempo era molto numerosa. Congiunta al complesso del Klementinum, l\u2019antico collegio dei gesuiti, oggi sede della Biblioteca nazionale, la cappella si trova in via Karlova, nella Citt\u00e0 vecchia, esattamente di fronte alla porta del ponte Carlo.<\/p>\n<p style=\"text-align: justify;\">\u00a0<\/p>\n<p style=\"text-align: justify; margin-left: 30px;\"><em>\u201cCon il recupero dell\u2019agibilit\u00e0 dopo decenni di abbandono, la Cappella degli Italiani riprende vita, recupera l\u2019antico splendore e a breve torner\u00e0 ad ospitare nuove attivit\u00e0 \u2013 <\/em>ha dichiarato l\u2019ambasciatore italiano <strong>Aldo Amati<\/strong><em> \u2013 Grazie a tutti coloro che hanno contribuito a ridare prestigio e vitalit\u00e0 a un gioiello del manierismo rinascimentale, espressione tangibile dei secolari rapporti di amicizia che legano il popolo italiano a quello ceco\u201d,<\/em> ha concluso il diplomatico.<\/p>\n<p style=\"text-align: justify;\">\u00a0<\/p>\n<p style=\"text-align: justify;\">L\u2019opera di restauro sar\u00e0 infatti completata fra agosto e settembre prossimo dagli esperti della Ahrcos, azienda italiana specializzata in restauro di edifici storici diretta da Alessandro Battaglia.<\/p>\n<p style=\"text-align: justify;\">Oltre al ministero degli Esteri italiano, hanno partecipato al progetto il <strong>ministero della Cultura ceco<\/strong>, il <strong>Comune di Praga<\/strong> e la <strong>Chiesa greco &#8211; ortodossa<\/strong> della Repubblica Ceca.<\/p>\n<p style=\"text-align: justify;\">Decisivi anche i contributi degli sponsor privati <strong>Siad<\/strong> e <strong>Ahrcos costruzioni<\/strong>.<\/p>\n<p style=\"text-align: justify;\">\u00a0<\/p>\n<p style=\"text-align: justify;\">La presentazione dello stato di avanzamento dei lavori di restauro della Vlasska kaple si tiene in concomitanza con il 400\u00b0 anniversario della consacrazione della <strong>chiesa barocca di San Carlo Borromeo<\/strong>, altro luogo simbolo della presenza italiana a Praga, situata sulla riva sinistra della Moldava, nel quartiere di Mala Strana, nel complesso architettonico dove oggi ha sede<strong> l\u2019Istituto Italiano di Cultura<\/strong>.<\/p>\n<p style=\"text-align: justify;\">E sar\u00e0 proprio l\u2019Istituto, come annunciato ieri dal direttore Giovanni Sciola nel corso di un incontro con la stampa, ad ospitare la seconda tappa praghese del ministro Franceschini in occasione dell\u2019apertura della mostra &#8220;La Congregazione Italiana di Praga. Una storia secolare&#8221;, dove saranno presentati preziosi documenti di archivio per la prima volta esposti al pubblico.<\/p>\n<p style=\"text-align: justify;\">\u00a0<\/p>\n<p style=\"text-align: justify;\"><a href=\"resource\/doc\/2017\/07\/cs_il_ministro_franceschini_in_visita_a_praga._rinasce_la_cappella_degli_italiani.pdf\" target=\"_blank\" rel=\"noopener\">Comunicato Stampa<\/a><\/p>\n<p style=\"text-align: justify;\"><a href=\"resource\/doc\/2017\/07\/rassegna_ministro_franceschini_a_praga._rinasce_la_cappella_degli_italiani_1.pdf\" target=\"_blank\" rel=\"noopener\">Rassegna stampa<\/a><\/p>\n<p style=\"text-align: justify;\"><a href=\"https:\/\/www.flickr.com\/photos\/ambitapraga\/sets\/72157685271589746\" target=\"_blank\" rel=\"noopener\">Fotogalleria<\/a><\/p>\n<p style=\"text-align: justify;\">\u00a0<\/p>\n<p style=\"text-align: justify;\">\u00a0<\/p>\n","protected":false},"excerpt":{"rendered":"Rinasce la Cappella degli Italiani e si festeggia il 400\u00b0 anniversario della consacrazione della chiesa di San Carlo Borromeo. \u00a0 21 giungo 2017. In fase conclusiva, a Praga, i lavori di ristrutturazione della cinquecentesca Cappella dell&#8217;Assunzione della Vergine Maria, luogo simbolo della secolare presenza della comunit\u00e0 italiana in Boemia, rimasta chiusa negli ultimi decenni in [&hellip;]","protected":false},"author":1,"featured_media":0,"comment_status":"","ping_status":"","sticky":false,"template":"","format":"standard","meta":{"footnotes":""},"tags":[],"class_list":["post-1764","post","type-post","status-publish","format-standard","hentry"],"_links":{"self":[{"href":"https:\/\/ambpraga.esteri.it\/it\/wp-json\/wp\/v2\/posts\/1764","targetHints":{"allow":["GET"]}}],"collection":[{"href":"https:\/\/ambpraga.esteri.it\/it\/wp-json\/wp\/v2\/posts"}],"about":[{"href":"https:\/\/ambpraga.esteri.it\/it\/wp-json\/wp\/v2\/types\/post"}],"author":[{"embeddable":true,"href":"https:\/\/ambpraga.esteri.it\/it\/wp-json\/wp\/v2\/users\/1"}],"replies":[{"embeddable":true,"href":"https:\/\/ambpraga.esteri.it\/it\/wp-json\/wp\/v2\/comments?post=1764"}],"version-history":[{"count":0,"href":"https:\/\/ambpraga.esteri.it\/it\/wp-json\/wp\/v2\/posts\/1764\/revisions"}],"wp:attachment":[{"href":"https:\/\/ambpraga.esteri.it\/it\/wp-json\/wp\/v2\/media?parent=1764"}],"wp:term":[{"taxonomy":"post_tag","embeddable":true,"href":"https:\/\/ambpraga.esteri.it\/it\/wp-json\/wp\/v2\/tags?post=1764"}],"curies":[{"name":"wp","href":"https:\/\/api.w.org\/{rel}","templated":true}]}}