{"id":1774,"date":"2017-04-18T13:56:18","date_gmt":"2017-04-18T11:56:18","guid":{"rendered":"https:\/\/ambpraga.esteri.it\/news\/dall_ambasciata\/2017\/04\/bando-internazionaleselezioni-per\/"},"modified":"2017-04-18T13:56:18","modified_gmt":"2017-04-18T11:56:18","slug":"bando-internazionaleselezioni-per","status":"publish","type":"post","link":"https:\/\/ambpraga.esteri.it\/it\/news\/dall_ambasciata\/2017\/04\/bando-internazionaleselezioni-per\/","title":{"rendered":"BANDO INTERNAZIONALE SELEZIONI PER CANTANTI LIRICIE MAESTRI COLLABORATORI"},"content":{"rendered":"<p style=\"text-align: justify;\">Si comunica che l\u2019Accademia del Maggio Musicale Fiorentino \u2013 Opera di Firenze ha aperto le iscrizioni alle audizioni per l\u2019ammissione ai Corsi di alta formazione e avviamento professionale per Cantanti lirici e Maestri collaboratori a.a. 2017-18.<\/p>\n<p style=\"text-align: justify;\">L\u2019ammissione \u00e8 riservata a coloro che, gi\u00e0 dotati di solida preparazione tecnica, necessitano di opportunit\u00e0 formativo-lavorative tali da consentirne la maturazione professionale e artistica ai fini dell\u2019avvio di carriera.<\/p>\n<p style=\"text-align: justify;\">Ai giovani artisti selezionati sar\u00e0 offerta la possibilit\u00e0 di studiare e di vivere quotidianamente l\u2019esperienza teatrale presso l\u2019Opera di Firenze, per un intero anno.<\/p>\n<p style=\"text-align: justify;\">\u00a0<\/p>\n<p style=\"text-align: justify;\">L\u2019iscrizione all\u2019Accademia \u00e8 gratuita.<\/p>\n<p style=\"text-align: justify;\">Ai fini del mantenimento in Firenze, a ogni singolo partecipante \u00e8 assegnata una borsa di studio di Euro 800 lordi al mese, da novembre 2017 a giugno 2018; \u00e8 previsto altres\u00ec il conferimento di premi straordinari.<\/p>\n<p style=\"text-align: justify;\">Ai partecipanti che prenderanno parte alla produzione artistica del Teatro del Maggio Musicale Fiorentino\/Opera di Firenze e degli enti musicali convenzionati verranno proposti specifici contratti artistici.<\/p>\n<p style=\"text-align: justify;\">\u00a0<\/p>\n<p style=\"text-align: justify;\">Il coordinamento dell\u2019Accademia \u00e8 affidato al maestro Gianni Tangucci.<\/p>\n<p style=\"text-align: justify;\">L\u2019ammissione \u00e8 riservata a giovani artisti sia comunitari che extraeuropei.<\/p>\n<p style=\"text-align: justify;\">\u00a0<\/p>\n<p style=\"text-align: justify;\"><span style=\"text-decoration: underline;\">Ulteriori informazioni sono disponibili alle pagine web:<\/span><\/p>\n<ul>\n<li style=\"text-align: justify;\"><a href=\"http:\/\/www.operadifirenze.it\/accademia\/bandi-2017\" target=\"_blank\" rel=\"noopener\"><\/a>ITA:\u00a0 <a href=\"http:\/\/www.operadifirenze.it\/accademia\/bandi-2017\" target=\"_blank\" rel=\"noopener\">www.operadifirenze.it\/accademia\/bandi-2017<\/a><\/li>\n<li style=\"text-align: justify;\"><a href=\"http:\/\/www.operadifirenze.it\/academy\/announcements-2017\" target=\"_blank\" rel=\"noopener\"><\/a>ENG: <a href=\"http:\/\/www.operadifirenze.it\/academy\/announcements-2017\" target=\"_blank\" rel=\"noopener\">www.operadifirenze.it\/academy\/announcements-2017<\/a><\/li>\n<\/ul>\n<p style=\"text-align: justify;\">\u00a0<\/p>\n<p style=\"text-align: justify;\"><span style=\"text-decoration: underline;\">Dai seguenti link \u00e8 altres\u00ec possibile scaricare le locandine promozionali:<\/span><\/p>\n<ul>\n<li style=\"text-align: justify;\">ITA: \u00a0<a href=\"http:\/\/www.operadifirenze.it\/code\/wp-content\/uploads\/Manifesto-Bando-selezione-Accademia-2017-IT.pdf\" target=\"_blank\" rel=\"noopener\">Manifesto-Bando-selezione-Accademia-2017-IT.pdf<\/a><\/li>\n<li style=\"text-align: justify;\">ENG: <a href=\"http:\/\/www.operadifirenze.it\/code\/wp-content\/uploads\/Poster-Opera-di-Firenze-Academy-International-announcement-of-selection-ENG-2017.pdf\" target=\"_blank\" rel=\"noopener\">announcement-of-selection-ENG-2017.pdf<\/a><\/li>\n<\/ul>\n<p>\u00a0<\/p>\n<p>\u00a0<\/p>\n<p style=\"text-align: justify;\">\u00a0<\/p>\n","protected":false},"excerpt":{"rendered":"Si comunica che l\u2019Accademia del Maggio Musicale Fiorentino \u2013 Opera di Firenze ha aperto le iscrizioni alle audizioni per l\u2019ammissione ai Corsi di alta formazione e avviamento professionale per Cantanti lirici e Maestri collaboratori a.a. 2017-18. L\u2019ammissione \u00e8 riservata a coloro che, gi\u00e0 dotati di solida preparazione tecnica, necessitano di opportunit\u00e0 formativo-lavorative tali da consentirne [&hellip;]","protected":false},"author":1,"featured_media":0,"comment_status":"","ping_status":"","sticky":false,"template":"","format":"standard","meta":{"footnotes":""},"tags":[],"class_list":["post-1774","post","type-post","status-publish","format-standard","hentry"],"_links":{"self":[{"href":"https:\/\/ambpraga.esteri.it\/it\/wp-json\/wp\/v2\/posts\/1774","targetHints":{"allow":["GET"]}}],"collection":[{"href":"https:\/\/ambpraga.esteri.it\/it\/wp-json\/wp\/v2\/posts"}],"about":[{"href":"https:\/\/ambpraga.esteri.it\/it\/wp-json\/wp\/v2\/types\/post"}],"author":[{"embeddable":true,"href":"https:\/\/ambpraga.esteri.it\/it\/wp-json\/wp\/v2\/users\/1"}],"replies":[{"embeddable":true,"href":"https:\/\/ambpraga.esteri.it\/it\/wp-json\/wp\/v2\/comments?post=1774"}],"version-history":[{"count":0,"href":"https:\/\/ambpraga.esteri.it\/it\/wp-json\/wp\/v2\/posts\/1774\/revisions"}],"wp:attachment":[{"href":"https:\/\/ambpraga.esteri.it\/it\/wp-json\/wp\/v2\/media?parent=1774"}],"wp:term":[{"taxonomy":"post_tag","embeddable":true,"href":"https:\/\/ambpraga.esteri.it\/it\/wp-json\/wp\/v2\/tags?post=1774"}],"curies":[{"name":"wp","href":"https:\/\/api.w.org\/{rel}","templated":true}]}}