{"id":1855,"date":"2023-06-05T12:49:51","date_gmt":"2023-06-05T10:49:51","guid":{"rendered":"https:\/\/ambpraga.esteri.it\/?p=1855"},"modified":"2023-06-05T12:50:29","modified_gmt":"2023-06-05T10:50:29","slug":"roma-expo-2030","status":"publish","type":"post","link":"https:\/\/ambpraga.esteri.it\/it\/news\/dall_ambasciata\/2023\/06\/roma-expo-2030\/","title":{"rendered":"ROMA EXPO 2030"},"content":{"rendered":"<p style=\"text-align: justify;\"><strong>LA CAPITALE D&#8217;ITALIA SI CANDIDA A\u00a0EXPO 2030<\/strong><\/p>\n<p style=\"text-align: justify;\">Un\u2019occasione unica e irripetibile per mettere al centro dell\u2019attenzione l\u2019uomo e la sua capacit\u00e0 di reinventare il proprio \u201chabitat\u201d, la citt\u00e0, bilanciando sviluppo e sostenibilit\u00e0 ambientale. Entro il 2050, le metropoli ospiteranno i due terzi dell\u2019intera popolazione mondiale: la relazione tra territorio e persone \u00e8 una delle pi\u00f9 grandi sfide del nostro tempo. Roma vuole essere il centro di questo nuovo modello di citt\u00e0: inclusivo, interconnesso, sostenibile e condiviso.<\/p>\n<p style=\"text-align: justify;\"><strong>PEOPLE AND TERRITORIES<\/strong><\/p>\n<p style=\"text-align: justify;\">\u201cCome possiamo imparare a vivere e prosperare insieme in un mondo sempre pi\u00f9 incerto, spietato e complesso?\u201d \u201cPersone e Territori: Rigenerazione, Inclusione e Innovazione\u201d significher\u00e0 affrontare insieme le sfide che il presente impone a tutti: cambiamenti climatici, sfruttamento delle risorse, sviluppo urbano, grandi flussi migratori, temi che nella piattaforma di Expo 2030 Roma saranno attivamente indagati per introdurre nuove soluzioni, idee e strategie.\u201d<\/p>\n<p><iframe loading=\"lazy\" title=\"Video emozionale imprese e territori Expo 2030 Roma\" src=\"https:\/\/www.youtube.com\/embed\/DkMeS6IRjvg?list=PLgi__CO997OeL3KGh6Lgn6A8D3E3l1j0T\" width=\"800\" height=\"471\" frameborder=\"0\" allowfullscreen=\"allowfullscreen\"><\/iframe><\/p>\n<p style=\"text-align: justify;\"><strong>INNOVAZIONE<\/strong><\/p>\n<ul style=\"text-align: justify;\">\n<li>Accessibilit\u00e0<\/li>\n<li>Logistica<\/li>\n<li>Dispositivi Smart City<\/li>\n<li>Produzione di energia pulita<\/li>\n<li>Conservazione delle risorse<\/li>\n<li>Trattamento dei rifiuti<\/li>\n<li>Alimenti e materie prime<\/li>\n<\/ul>\n<p style=\"text-align: justify;\">Il sito di Expo 2030 Roma non solo ospiter\u00e0 un\u2019esposizione visivamente straordinaria con contenuti sorprendenti, ma potr\u00e0 anche fungere da\u00a0<strong>polo di innovazione<\/strong>\u00a0radicato in valori condivisi e nell\u2019azione comunitaria.<\/p>\n<p style=\"text-align: justify;\">L\u2019<strong>Innovazione<\/strong>\u00a0sar\u00e0 evidenziata nell\u2019effettiva messa in scena dell\u2019evento, dalla modernit\u00e0 delle infrastrutture, dei trasporti, dall\u2019uso dei multimedia, dagli eventi \u201cpop up\u201d, dal programma di comunicazione multicanale e dai modelli architettonici che propongono nuove forme di abitare.<\/p>\n<p style=\"text-align: justify;\">Expo 2030 Roma pu\u00f2 fornire un nuovo modello per le Esposizioni Universali del XXI secolo applicando un approccio innovativo e intersettoriale\u00a0<strong>Together\/Insieme<\/strong>\u00a0al tema\u00a0<strong>Persone e Territori<\/strong>: nel nostro Masterplan il Tema \u00e8 Tutto e Tutto \u00e8 il Tema. Piuttosto che lasciarsi alle spalle architetture monumentali, l\u2019Expo di Roma si concentrer\u00e0 su \u201ceredit\u00e0 viventi\u201d di paesaggi, iniziative socioculturali, innovazioni scientifiche e ambientali che possano essere utilizzate per il bene delle generazioni future.<\/p>\n<p style=\"text-align: justify;\">Il progetto di Expo, sia dal punto di vista fisico che organizzativo, si ispira al concetto di\u00a0<strong>Urban Living Lab<\/strong>, creando spazi sia geografici che virtuali in cui gli stakeholder possano mettere in pratica i valori fondamentali di Expo 2030, quali l\u2019unione\/solidariet\u00e0, la multiculturalit\u00e0, l\u2019internazionalit\u00e0, la promozione di stili di vita sani e sostenibili e l\u2019importanza dell\u2019educazione come motore dell\u2019innovazione.<\/p>\n<p style=\"text-align: justify;\"><strong>Innovazione<\/strong>\u00a0come hub per incoraggiare il nuovo pensiero e gli incentivi per sfruttare le tecnologie di punta.<\/p>\n<p style=\"text-align: justify;\">Expo 2030 Roma si pone un ambizioso target di sostenibilit\u00e0, ovvero quello di neutralizzare on-site l\u2019impatto carbonico dell\u2019evento, senza ricorso a compensazioni off-site. Questo traguardo andr\u00e0 a marcare nella storia dell\u2019umanit\u00e0 la soglia del 2030, anno che conclude le sfide di sostenibilit\u00e0 dell\u2019Agenda per lo Sviluppo Sostenibile firmata all\u2019unanimit\u00e0 da 193 Paesi Membri delle Nazioni Unite nel 2015. Questo grande obiettivo di Expo 2030 Roma pone le basi per gli eventi futuri; in questo frangente, progettare un evento sostenibile non \u00e8 solo un valore etico necessario per garantire un impatto limitato sull\u2019ambiente e contribuire a raggiungere obiettivi concreti nella lotta al cambiamento climatico, ma \u00e8 anche un obiettivo finalizzato a posizionare i grandi eventi all\u2019interno di un nuovo immaginario. Creare un evento spettacolare e allo stesso tempo sostenibile \u00e8 possibile, e l\u2019ambizione di Expo 2030 Roma \u00e8 quella di dimostrarlo al mondo intero.<\/p>\n<p><iframe loading=\"lazy\" title=\"1 MINUTO\" src=\"https:\/\/www.youtube.com\/embed\/kKVyawbkg3s?list=PLgi__CO997OeL3KGh6Lgn6A8D3E3l1j0T\" width=\"800\" height=\"471\" frameborder=\"0\" allowfullscreen=\"allowfullscreen\"><\/iframe><\/p>\n<p style=\"text-align: justify;\"><strong>INCLUSIONE<\/strong><\/p>\n<ul style=\"text-align: justify;\">\n<li>Politiche sociali<\/li>\n<li>Pratiche di insediamento<\/li>\n<li>Reti relazionali<\/li>\n<li>Espressioni culturali e artistiche<\/li>\n<\/ul>\n<p style=\"text-align: justify;\"><strong>Il tema dell\u2019inclusione in Expo 2030 Roma<\/strong>\u00a0sar\u00e0 implicito ed esplicito nell\u2019etica e nell\u2019atmosfera multiculturale e transculturale dell\u2019Expo, che accoglier\u00e0 tutti i popoli del mondo e ogni aspetto della societ\u00e0, senza limiti ai temi che possono essere presentati e discussi; dai vantaggi personali e planetari di uno stile di vita alimentare pi\u00f9 sano, ai modi per de-carbonizzare l\u2019atmosfera.<\/p>\n<p style=\"text-align: justify;\">L\u2019Inclusione sar\u00e0 il principio fondante durante tutte e tre le fasi di Expo 2030 Roma:<\/p>\n<ul style=\"text-align: justify;\">\n<li><strong>Nel Pre-Expo<\/strong>, aiuteremo i Paesi non solo nella costruzione del contenitore, ossia nel design e nella struttura del loro Padiglione nazionale, ma anche nello sviluppo dei contenuti che il Paese intende sviluppare. I Paesi saranno inoltre coinvolti attivamente nella progettazione dei Padiglioni tematici: il Padiglione tematico Roomscape sar\u00e0 realizzato grazie agli sforzi congiunti di tutte le nazioni coinvolte.<\/li>\n<li><strong>Durante l\u2019Expo<\/strong>, collaboreremo con i Paesi per garantire la massima e giusta visibilit\u00e0 a ciascuno di essi, aiutando ogni Paese a personalizzare i propri contenuti espositivi. I Paesi partecipanti che hanno scelto di costruire un Lasting Self-built Pavilion contribuiranno alla sostenibilit\u00e0 del progetto e intraprenderanno un percorso di collaborazione con il Paese ospitante che andr\u00e0 oltre la durata dell\u2019evento.<\/li>\n<li><strong>Nel Post-Expo<\/strong>, questi Padiglioni saranno progettati fin dall\u2019inizio per essere duraturi e riconvertiti per ospitare una nuova specifica destinazione d\u2019uso all\u2019interno del nuovo \u201cParco della conoscenza aperto e collaborativo delle Persone e dei Territori sostenibili\u201d di Tor Vergata. Affinch\u00e9 ci\u00f2 sia possibile, il Paese partecipante deve impegnarsi in un rapporto di co-progettazione con i futuri abitanti, in modo che l\u2019edificio del futuro sia il risultato di un processo progettuale a cui il nostro Paese lavora e che sostiene. Grazie a questa opportunit\u00e0, cittadini di tutto il mondo avranno cos\u00ec la possibilit\u00e0 di venire a vivere nel Lasting Pavilion costruito dal proprio Paese, di svolgere un periodo di mobilit\u00e0 per studio all\u2019interno di questo Parco di ricerca, per poi tornare nel proprio Paese con il know-how e le competenze apprese nell\u2019universit\u00e0\u0300 di Tor Vergata.<\/li>\n<\/ul>\n<p style=\"text-align: justify;\">Expo 2030 Roma sar\u00e0 un luogo dove la\u00a0<strong>diversit\u00e0<\/strong>\u00a0e la variet\u00e0 saranno celebrate come\u00a0<strong>ricchezza<\/strong>, dove ogni paese avr\u00e0 a disposizione gli strumenti per poter esprimere al meglio la propria\u00a0<strong>identit\u00e0<\/strong>\u00a0e la propria cultura. Per la prima volta in un\u2019Esposizione Universale, la ricchezza e la variet\u00e0 apportate dalle diverse culture del mondo non saranno recluse all\u2019interno dei Padiglioni Nazionali, ma contribuiranno a generare il grande mosaico che \u00e8 Expo.<\/p>\n<p style=\"text-align: justify;\">L\u2019intero masterplan diventer\u00e0 un caleidoscopio collettivo di\u00a0<strong>esperienze transculturali<\/strong>: Expo 2030 non \u00e8 l\u2019Expo dell\u2019Italia, ma di tutti i paesi del mondo, concretizzando ancora una volta nel reale il Tema,\u00a0<em>Together<\/em>.<\/p>\n<p><iframe loading=\"lazy\" title=\"Video Expo2030 Festival del Cinema di Roma\" src=\"https:\/\/www.youtube.com\/embed\/2r_jfDCfV3I?list=PLgi__CO997OeL3KGh6Lgn6A8D3E3l1j0T\" width=\"800\" height=\"471\" frameborder=\"0\" allowfullscreen=\"allowfullscreen\"><\/iframe><\/p>\n<p style=\"text-align: justify;\"><strong>RIGENERAZIONE<\/strong><\/p>\n<ul style=\"text-align: justify;\">\n<li>Governance territoriale<\/li>\n<li>Politiche ambientali<\/li>\n<li>Urbanistica e insediamento<\/li>\n<li>Pratiche edilizie<\/li>\n<li>Politiche sanitarie<\/li>\n<\/ul>\n<p style=\"text-align: justify;\">La citt\u00e0 eterna \u00e8 sempre stata capitale dell\u2019arte, della cultura, del dialogo e della creativit\u00e0 ed \u00e8 l\u2019incarnazione di una costante\u00a0<strong>rigenerazione e reinvenzione<\/strong>. Ci\u00f2 deriva in parte dallo spirito del suo popolo e in parte dalla sua posizione geostrategica, che \u00e8 stata significativa per la sua antica potenza e per la sua attuale rilevanza.<\/p>\n<p style=\"text-align: justify;\">Tor Vergata si presta come luogo ideale per costruire una\u00a0<strong>rigenerazione innovativa<\/strong>\u00a0basata sull\u2019inclusione sociale e sull\u2019azione comunitaria e sulla riprogettazione e cura degli ambienti, corrispondenti alle Persone e ai Territori, temi centrali dell\u2019Expo.<\/p>\n<p style=\"text-align: justify;\">Expo 2030 Roma far\u00e0 uno sforzo per guardare ai nostri Territori e alle nostre comunit\u00e0 in modo nuovo e di mostrare come la rigenerazione di Tor Vergata, una parte di Roma problematica che diventer\u00e0 una comunit\u00e0 verde e sostenibile, possa servire come modello universale da replicare a livello globale. La\u00a0<strong>Rigenerazione<\/strong>\u00a0va ben oltre l\u2019architettura o le opere infrastrutturali, celebrando ogni aspetto della riscoperta, della reinvenzione e della rinascita.<\/p>\n<p style=\"text-align: justify;\">La\u00a0<strong>Rigenerazione<\/strong>\u00a0prender\u00e0 vita nella forma del campus di Tor Vergata, ristrutturato in un centro di conoscenza del XXI secolo grazie a modelli innovativi di produzione di energia, trasporto e architettura.<\/p>\n<p style=\"text-align: justify;\">L\u2019eredit\u00e0 post-Expo sar\u00e0 incentrata sulla\u00a0<strong>rigenerazione\u00a0<\/strong>dei Territori (sia urbani che rurali) attraverso la connessione e il potenziamento delle loro comunit\u00e0. Questa visione si basa su un modello collaborativo e altamente decentralizzato di azioni comunitarie, in cui gli abitanti e gli stakeholder locali si uniscono per cogestire \u201crisorse governate collettivamente\u201d, tra cui spazi pubblici, beni comuni, servizi e persino interi quartieri.<\/p>\n<p style=\"text-align: justify;\">Dopo l\u2019Expo, Roma 2030 intende estendere la rigenerazione al di l\u00e0 del semplice recupero basato su un approccio di \u201ccostruzione urbana\u201d, per promuovere attivit\u00e0 radicate nel contesto locale che integrino azione sociale e innovazione.<\/p>\n<p><iframe loading=\"lazy\" title=\"Expo Roma ENG\" src=\"https:\/\/www.youtube.com\/embed\/k2vEeH8lCeQ?list=PLgi__CO997OeL3KGh6Lgn6A8D3E3l1j0T\" width=\"800\" height=\"471\" frameborder=\"0\" allowfullscreen=\"allowfullscreen\"><\/iframe><\/p>\n<p style=\"text-align: justify;\"><strong>PERCH\u00c9 UN EXPO A\u00a0ROMA?<\/strong><\/p>\n<p style=\"text-align: justify;\">Roma attende questo appuntamento con la Storia dal 1942. In quell\u2019anno, avrebbe dovuto infatti ospitare l\u2019Esposizione Universale, che poi fu annullata a causa della Seconda Guerra Mondiale, e per la quale fu realizzato il quartiere EUR.<\/p>\n<p style=\"text-align: justify;\">Dopo quasi ottant\u2019anni, Roma ripropone la sua candidatura con un tema strettamente collegato al suo DNA: la rigenerazione urbana.<\/p>\n<p><iframe loading=\"lazy\" title=\"Video logo presentation Expo 2030 Roma\" src=\"https:\/\/www.youtube.com\/embed\/wrBQezSgZcg?list=PLgi__CO997OeL3KGh6Lgn6A8D3E3l1j0T\" width=\"800\" height=\"471\" frameborder=\"0\" allowfullscreen=\"allowfullscreen\"><\/iframe><\/p>\n<p><iframe loading=\"lazy\" title=\"Video di presentazione Expo 2030 Roma\" src=\"https:\/\/www.youtube.com\/embed\/AwP-oJP7lgg?list=PLgi__CO997OeL3KGh6Lgn6A8D3E3l1j0T\" width=\"800\" height=\"471\" frameborder=\"0\" allowfullscreen=\"allowfullscreen\"><\/iframe><\/p>\n<p><iframe loading=\"lazy\" title=\"EXPO 2030\" src=\"https:\/\/www.youtube.com\/embed\/kMcDML-NbEU?list=PLgi__CO997OeL3KGh6Lgn6A8D3E3l1j0T\" width=\"800\" height=\"471\" frameborder=\"0\" allowfullscreen=\"allowfullscreen\"><\/iframe><\/p>\n<p><iframe loading=\"lazy\" title=\"EXPO 2030 ROMA The culture of agriculture\" src=\"https:\/\/www.youtube.com\/embed\/Rj2RX5WYT_8?list=PLgi__CO997OeL3KGh6Lgn6A8D3E3l1j0T\" width=\"800\" height=\"471\" frameborder=\"0\" allowfullscreen=\"allowfullscreen\"><\/iframe><\/p>\n<p><iframe loading=\"lazy\" title=\"Expo 2030 Roma: 20 giugno 2022 Parigi\" src=\"https:\/\/www.youtube.com\/embed\/M0N2Qq1P0RU?list=PLgi__CO997OeL3KGh6Lgn6A8D3E3l1j0T\" width=\"800\" height=\"471\" frameborder=\"0\" allowfullscreen=\"allowfullscreen\"><\/iframe><\/p>\n","protected":false},"excerpt":{"rendered":"LA CAPITALE D&#8217;ITALIA SI CANDIDA A\u00a0EXPO 2030 Un\u2019occasione unica e irripetibile per mettere al centro dell\u2019attenzione l\u2019uomo e la sua capacit\u00e0 di reinventare il proprio \u201chabitat\u201d, la citt\u00e0, bilanciando sviluppo e sostenibilit\u00e0 ambientale. Entro il 2050, le metropoli ospiteranno i due terzi dell\u2019intera popolazione mondiale: la relazione tra territorio e persone \u00e8 una delle pi\u00f9 [&hellip;]","protected":false},"author":5,"featured_media":1867,"comment_status":"closed","ping_status":"closed","sticky":true,"template":"","format":"standard","meta":{"footnotes":""},"tags":[],"class_list":["post-1855","post","type-post","status-publish","format-standard","has-post-thumbnail","hentry"],"_links":{"self":[{"href":"https:\/\/ambpraga.esteri.it\/it\/wp-json\/wp\/v2\/posts\/1855","targetHints":{"allow":["GET"]}}],"collection":[{"href":"https:\/\/ambpraga.esteri.it\/it\/wp-json\/wp\/v2\/posts"}],"about":[{"href":"https:\/\/ambpraga.esteri.it\/it\/wp-json\/wp\/v2\/types\/post"}],"author":[{"embeddable":true,"href":"https:\/\/ambpraga.esteri.it\/it\/wp-json\/wp\/v2\/users\/5"}],"replies":[{"embeddable":true,"href":"https:\/\/ambpraga.esteri.it\/it\/wp-json\/wp\/v2\/comments?post=1855"}],"version-history":[{"count":0,"href":"https:\/\/ambpraga.esteri.it\/it\/wp-json\/wp\/v2\/posts\/1855\/revisions"}],"wp:featuredmedia":[{"embeddable":true,"href":"https:\/\/ambpraga.esteri.it\/it\/wp-json\/wp\/v2\/media\/1867"}],"wp:attachment":[{"href":"https:\/\/ambpraga.esteri.it\/it\/wp-json\/wp\/v2\/media?parent=1855"}],"wp:term":[{"taxonomy":"post_tag","embeddable":true,"href":"https:\/\/ambpraga.esteri.it\/it\/wp-json\/wp\/v2\/tags?post=1855"}],"curies":[{"name":"wp","href":"https:\/\/api.w.org\/{rel}","templated":true}]}}