{"id":2258,"date":"2023-12-22T15:08:27","date_gmt":"2023-12-22T14:08:27","guid":{"rendered":"https:\/\/ambpraga.esteri.it\/?p=2258"},"modified":"2023-12-22T15:20:08","modified_gmt":"2023-12-22T14:20:08","slug":"manifestazione-di-cordoglio","status":"publish","type":"post","link":"https:\/\/ambpraga.esteri.it\/it\/news\/dall_ambasciata\/2023\/12\/manifestazione-di-cordoglio\/","title":{"rendered":"Manifestazione di cordoglio"},"content":{"rendered":"<p><em>L\u2019Ambasciata d\u2019Italia a Praga e l\u2019Istituto Italiano di Cultura si uniscono al cordoglio del Presidente della Repubblica, del Presidente del Consiglio e del Ministro degli Esteri e della Cooperazione Internazionale esprimendo la propria vicinanza e solidariet\u00e0 alle famiglie delle vittime e a tutta la comunit\u00e0 di Praga per il crudele attacco perpetrato al cuore della citt\u00e0.<\/em><\/p>\n<p><em>Velvyslanectv\u00ed It\u00e1lie a Italsk\u00fd kulturn\u00ed institut v Praze se p\u0159ipojujou ke kondolenci prezidenta Italsk\u00e9 republiky, p\u0159edsedy vl\u00e1dy a ministra <\/em><em>zahrani\u010dn\u00edch v\u011bc\u00ed<\/em><em> a mezin\u00e1rodn\u00ed spolupr\u00e1ce, a vyjad\u0159uj\u00ed bl\u00edzkost a solidaritu rodin\u00e1m ob\u011bt\u00ed a cel\u00e9 pra\u017esk\u00e9 ve\u0159ejnosti ve spojen\u00ed s krut\u00fdm \u00fatokem sp\u00e1chan\u00fdm v centru m\u011bsta.<\/em><\/p>\n","protected":false},"excerpt":{"rendered":"L\u2019Ambasciata d\u2019Italia a Praga e l\u2019Istituto Italiano di Cultura si uniscono al cordoglio del Presidente della Repubblica, del Presidente del Consiglio e del Ministro degli Esteri e della Cooperazione Internazionale esprimendo la propria vicinanza e solidariet\u00e0 alle famiglie delle vittime e a tutta la comunit\u00e0 di Praga per il crudele attacco perpetrato al cuore della [&hellip;]","protected":false},"author":8,"featured_media":2273,"comment_status":"closed","ping_status":"closed","sticky":false,"template":"","format":"standard","meta":{"footnotes":""},"tags":[],"class_list":["post-2258","post","type-post","status-publish","format-standard","has-post-thumbnail","hentry"],"_links":{"self":[{"href":"https:\/\/ambpraga.esteri.it\/it\/wp-json\/wp\/v2\/posts\/2258","targetHints":{"allow":["GET"]}}],"collection":[{"href":"https:\/\/ambpraga.esteri.it\/it\/wp-json\/wp\/v2\/posts"}],"about":[{"href":"https:\/\/ambpraga.esteri.it\/it\/wp-json\/wp\/v2\/types\/post"}],"author":[{"embeddable":true,"href":"https:\/\/ambpraga.esteri.it\/it\/wp-json\/wp\/v2\/users\/8"}],"replies":[{"embeddable":true,"href":"https:\/\/ambpraga.esteri.it\/it\/wp-json\/wp\/v2\/comments?post=2258"}],"version-history":[{"count":2,"href":"https:\/\/ambpraga.esteri.it\/it\/wp-json\/wp\/v2\/posts\/2258\/revisions"}],"predecessor-version":[{"id":2263,"href":"https:\/\/ambpraga.esteri.it\/it\/wp-json\/wp\/v2\/posts\/2258\/revisions\/2263"}],"wp:featuredmedia":[{"embeddable":true,"href":"https:\/\/ambpraga.esteri.it\/it\/wp-json\/wp\/v2\/media\/2273"}],"wp:attachment":[{"href":"https:\/\/ambpraga.esteri.it\/it\/wp-json\/wp\/v2\/media?parent=2258"}],"wp:term":[{"taxonomy":"post_tag","embeddable":true,"href":"https:\/\/ambpraga.esteri.it\/it\/wp-json\/wp\/v2\/tags?post=2258"}],"curies":[{"name":"wp","href":"https:\/\/api.w.org\/{rel}","templated":true}]}}