{"id":3603,"date":"2024-08-19T09:21:11","date_gmt":"2024-08-19T07:21:11","guid":{"rendered":"https:\/\/ambpraga.esteri.it\/?p=3603"},"modified":"2024-08-19T09:22:48","modified_gmt":"2024-08-19T07:22:48","slug":"lambasciata-ditalia-a-praga-inaugura-un-ciclo-di-visite-guidate-alla-storica-cappella-degli-italiani","status":"publish","type":"post","link":"https:\/\/ambpraga.esteri.it\/it\/news\/dall_ambasciata\/2024\/08\/lambasciata-ditalia-a-praga-inaugura-un-ciclo-di-visite-guidate-alla-storica-cappella-degli-italiani\/","title":{"rendered":"L&#8217;Ambasciata d&#8217;Italia a Praga inaugura un ciclo di visite guidate alla storica &#8220;Cappella degli Italiani&#8221;"},"content":{"rendered":"<p style=\"text-align: justify;\">16 agosto 2024. L\u2019Ambasciata d\u2019Italia a Praga ha inaugurato ieri una serie di visite guidate in lingua italiana alla \u201cCappella della Beata Vergine Maria Assunta in Cielo\u201d, nota come &#8220;Cappella degli Italiani\u201d, di propriet\u00e0 dello Stato italiano e situata nel cuore della Citt\u00e0 Vecchia, a pochi passi dal Ponte Carlo. Consacrata nel 1600 e sede secolare della \u201cCongregazione degli Italiani\u201d, la cappella, con la sua particolarissima pianta ovale in stile manierista, \u00e8 stata per secoli il punto di riferimento simbolico della comunit\u00e0 italiana nella citt\u00e0 di Praga. L\u2019Incaricata d\u2019Affari <strong>Laura Calligaro<\/strong> ha portato il saluto dell\u2019Ambasciata d&#8217;Italia a Praga, ricordando la secolare presenza e attivit\u00e0 di beneficenza degli italiani nella citt\u00e0 boema. La visita guidata \u00e8 stata curata dallo studioso <strong>Flavio R. G. Mela<\/strong> ed \u00e8 stata aperta dall&#8217;esibizione della flautista e compositrice <strong>Serena Marchi<\/strong>, che sta svolgendo una residenza artistica presso l&#8217;Istituto Italiano di Cultura di Praga nell\u2019ambito del progetto AIR-JAZZ sviluppato dal Ministero degli Affari Esteri e della Cooperazione Internazionale insieme all\u2019Associazione Nazionale Musicisti di Jazz, la SIAE e Europe Jazz Network. Le visite guidate alla &#8220;Cappella degli Italiani&#8221; sono a numero chiuso. Le date dei prossimi appuntamenti e il formulario per la registrazione saranno diffusi sul sito e sui profili social dell\u2019Ambasciata d\u2019Italia.<\/p>\n","protected":false},"excerpt":{"rendered":"16 agosto 2024. L\u2019Ambasciata d\u2019Italia a Praga ha inaugurato ieri una serie di visite guidate in lingua italiana alla \u201cCappella della Beata Vergine Maria Assunta in Cielo\u201d, nota come &#8220;Cappella degli Italiani\u201d, di propriet\u00e0 dello Stato italiano e situata nel cuore della Citt\u00e0 Vecchia, a pochi passi dal Ponte Carlo. Consacrata nel 1600 e sede [&hellip;]","protected":false},"author":5,"featured_media":0,"comment_status":"closed","ping_status":"closed","sticky":false,"template":"","format":"standard","meta":{"footnotes":""},"tags":[7,12],"class_list":["post-3603","post","type-post","status-publish","format-standard","hentry","tag-diplomazia-culturale","tag-italiani-nel-mondo"],"_links":{"self":[{"href":"https:\/\/ambpraga.esteri.it\/it\/wp-json\/wp\/v2\/posts\/3603","targetHints":{"allow":["GET"]}}],"collection":[{"href":"https:\/\/ambpraga.esteri.it\/it\/wp-json\/wp\/v2\/posts"}],"about":[{"href":"https:\/\/ambpraga.esteri.it\/it\/wp-json\/wp\/v2\/types\/post"}],"author":[{"embeddable":true,"href":"https:\/\/ambpraga.esteri.it\/it\/wp-json\/wp\/v2\/users\/5"}],"replies":[{"embeddable":true,"href":"https:\/\/ambpraga.esteri.it\/it\/wp-json\/wp\/v2\/comments?post=3603"}],"version-history":[{"count":1,"href":"https:\/\/ambpraga.esteri.it\/it\/wp-json\/wp\/v2\/posts\/3603\/revisions"}],"predecessor-version":[{"id":3642,"href":"https:\/\/ambpraga.esteri.it\/it\/wp-json\/wp\/v2\/posts\/3603\/revisions\/3642"}],"wp:attachment":[{"href":"https:\/\/ambpraga.esteri.it\/it\/wp-json\/wp\/v2\/media?parent=3603"}],"wp:term":[{"taxonomy":"post_tag","embeddable":true,"href":"https:\/\/ambpraga.esteri.it\/it\/wp-json\/wp\/v2\/tags?post=3603"}],"curies":[{"name":"wp","href":"https:\/\/api.w.org\/{rel}","templated":true}]}}