{"id":4597,"date":"2024-11-27T11:54:55","date_gmt":"2024-11-27T10:54:55","guid":{"rendered":"https:\/\/ambpraga.esteri.it\/?p=4597"},"modified":"2024-11-27T11:54:55","modified_gmt":"2024-11-27T10:54:55","slug":"al-via-la-xii-edizione-del-mittelcinemafest-festival-centro-europeo-del-cinema-italiano-a-praga","status":"publish","type":"post","link":"https:\/\/ambpraga.esteri.it\/it\/news\/dall_ambasciata\/2024\/11\/al-via-la-xii-edizione-del-mittelcinemafest-festival-centro-europeo-del-cinema-italiano-a-praga\/","title":{"rendered":"Al via la XII edizione del MittelCinemaFest \u2013 Festival centro-europeo del cinema italiano a Praga"},"content":{"rendered":"<p style=\"text-align: justify;\"><em>Praga 25 novembre, 2024.<\/em> Torna ad alzarsi il sipario sul MittelCinemaFest, il festival centro-europeo del cinema italiano contemporaneo giunto alla XII edizione nella Repubblica Ceca, con un ciclo di proiezioni in programma dal 28 novembre al 4 dicembre, in uno dei luoghi pi\u00f9 rappresentativi della capitale ceca: la sala liberty del cinema Lucerna. Una straordinaria occasione per il pubblico di Praga di conoscere le novit\u00e0 della cinematografia italiana, con una selezione tra le produzioni dell\u2019ultimo anno, in lingua originale e sottotitoli in inglese e ceco. Otto sono i film in calendario, tra cui le ultime opere di grandi registi quali Daniele Luchetti, Marco Tullio Giordana, Gianni Amelio, Pupi Avati, Paolo Sorrentino, Riccardo Milani, nonch\u00e9 acclamate opere prime presentate a Venezia lo scorso settembre o di recente uscita nelle sale cinematografiche italiane.<br \/>\nCon una programmazione ricca e variegata, che vuole offrire un\u2019ampia panoramica sulla cinematografia italiana contemporanea, la XII edizione del festival prender\u00e0 il via gioved\u00ec 28 novembre con la proiezione de &#8220;Il tempo che ci vuole&#8221; di Francesca Comencini, un omaggio personale e intimo al celebre padre, grande protagonista della storia del cinema italiano, e all&#8217;importanza che la sua opera e la sua persona hanno avuto nella sua carriera artistica. A seguire, il 29 novembre, &#8220;<strong>Confidenza<\/strong>&#8221; di <strong>Daniele Luchetti<\/strong> che, dopo &#8220;Lacci&#8221;\u201c, torna a trarre ispirazione dalla scrittura di Domenico Starnone, in un thriller dai toni drammatici che esplora la complessit\u00e0 delle relazioni umane. Sabato 30 novembre doppio appuntamento: alle 18:30, &#8220;<strong>La vita accanto<\/strong>&#8221; di <strong>Marco Tullio Giordana<\/strong> invita a riflettere sull\u2019unicit\u00e0 e sul percorso, spesso doloroso, dell\u2019accettazione di s\u00e8 stessi; alle 21, grande attesa per l\u2019ultimo lavoro di <strong>Gianni Amelio<\/strong>, &#8220;<strong>Campo di Battaglia<\/strong>&#8220;, ambientato durante la Prima Guerra mondiale e interpretato da <strong>Federica Rossellini<\/strong> e <strong>Alessandro Borghi<\/strong>. Si continua domenica primo dicembre alle ore 20.00 con &#8220;<strong>Gloria!<\/strong>&#8220;, &#8216;esordio alla regia di <strong>Margherita Vicario<\/strong> che, rendendo la musica protagonista, si pone l&#8217;ambizioso obiettivo di far conoscere al pubblico le compositrici e musiciste &#8220;dimenticate dalla storia\u201c. Da non perdere \u00a0il 2 dicembre alle ore 18:30 la proiezione di &#8220;<strong>Un mondo a parte<\/strong>&#8221; di <strong>Riccardo Milani<\/strong>, che sar\u00e0 presente in sala e parteciper\u00e0 ad un dibattito con il pubblico: una commedia ambientata in Abruzzo con <strong>Antonio Albanese<\/strong> e <strong>Virginia Raffaele<\/strong>. La chiusura del festival \u00e8 affidata ad altri due grandi nomi del cinema italiano: <strong>Pupi Avati <\/strong>che con &#8220;<strong>L&#8217;orto Americano<\/strong>\u201c, film che ha chiuso la Mostra di Venezia lo scorso settembre, torna al genere gotico &#8211; horror sorprendendo con una storia misteriosa e inquietante e <strong>Paolo Sorrentino<\/strong> con &#8220;<strong>Parthenope<\/strong>&#8220;, una visione dell&#8217;anima di Napoli, con un ritratto complesso e ricco di sfumature della citt\u00e0 e dei suoi abitanti.<br \/>\n&#8220;Siamo davvero orgogliosi di questa nuova edizione del MittelCinemaFest e di condividere con il pubblico di Praga la qualit\u00e0, la creativit\u00e0 e la grande vitalit\u00e0 del cinema italiano contemporaneo\u201c &#8211; ha dichiarato <strong>Marialuisa Pappalardo, Direttrice dell\u2019Istituto Italiano di Cultura di Praga<\/strong> &#8211; &#8220;Insieme a Cinecitt\u00e0, che ringraziamo per l\u2019entusiasmo e la preziosa collaborazione, proponiamo una selezione che abbraccia diversi generi, dalla commedia al gotico, dal dramma intimista al musical, presentando i lavori di grandi maestri, registi gi\u00e0 acclamati e opere prime che segnano il futuro del nostro cinema. Un \u00a0programma per un pubblico che vogliamo sempre pi\u00f9 vasto, per vivere insieme la bellezza del cinema italiano, delle sue storie e le emozioni che solo il grande schermo pu\u00f2 regalare\u201c. Le pellicole saranno proiettate in lingua originale, con sottotitoli in ceco e in inglese, mentre i biglietti potranno essere acquistati on-line sul sito del MittelCinemaFest (<a href=\"https:\/\/mittelcinemafest.cz\/it\/uvod\">https:\/\/mittelcinemafest.cz\/it\/uvod<\/a>) o alla cassa del cinema Lucerna.<br \/>\nIl MittelCinemaFest \u00e8 un \u00a0progetto di Cinecitt\u00e0 e del Ministero della Cultura; organizzano l\u2019Istituto Italiano di Cultura in collaborazione con il cinema Lucerna di Praga, con il patrocinio dell\u2019Ambasciata d\u2019Italia, il supporto di Praga capitale. Come ha sottolineato l&#8217;<strong>Ambasciatore d&#8217;Italia nella Repubblica Ceca, Mauro Marsili<\/strong>: &#8220;Desidero ringraziare tutti coloro che, con impegno e dedizione, hanno contribuito alla realizzazione di questa importantissima manifestazione: l\u2019Istituto Italiano di Cultura di Praga, Cinecitt\u00e0, il Ministero della Cultura italiano, il cinema Lucerna di Praga, Praga Capitale, i numerosi media partner e i distributori.\u00a0 Con questo sforzo corale, il MittelCinemaFest si conferma la piattaforma ideale per far conoscere il cinema italiano contemporaneo al grande pubblico e stimolare allo stesso tempo una sempre maggiore presenza e distribuzione dei film italiani in Repubblica Ceca&#8221;.<br \/>\nMaggiori informazioni sui siti del Festival, del cinema Lucerna (<a href=\"https:\/\/www.kinolucerna.cz\/klient-263\/kino-68\/stranka-1224\">https:\/\/www.kinolucerna.cz\/klient-263\/kino-68\/stranka-1224<\/a>) o dell\u2019IIC (<a href=\"https:\/\/iicpraga.esteri.it\/it\/gli_eventi\/calendario\/mittelcinemfest-2024\/\">https:\/\/iicpraga.esteri.it\/it\/gli_eventi\/calendario\/mittelcinemfest-2024\/<\/a>).<\/p>\n","protected":false},"excerpt":{"rendered":"Praga 25 novembre, 2024. Torna ad alzarsi il sipario sul MittelCinemaFest, il festival centro-europeo del cinema italiano contemporaneo giunto alla XII edizione nella Repubblica Ceca, con un ciclo di proiezioni in programma dal 28 novembre al 4 dicembre, in uno dei luoghi pi\u00f9 rappresentativi della capitale ceca: la sala liberty del cinema Lucerna. Una straordinaria [&hellip;]","protected":false},"author":5,"featured_media":4606,"comment_status":"closed","ping_status":"closed","sticky":false,"template":"","format":"standard","meta":{"footnotes":""},"tags":[7,12],"class_list":["post-4597","post","type-post","status-publish","format-standard","has-post-thumbnail","hentry","tag-diplomazia-culturale","tag-italiani-nel-mondo"],"_links":{"self":[{"href":"https:\/\/ambpraga.esteri.it\/it\/wp-json\/wp\/v2\/posts\/4597","targetHints":{"allow":["GET"]}}],"collection":[{"href":"https:\/\/ambpraga.esteri.it\/it\/wp-json\/wp\/v2\/posts"}],"about":[{"href":"https:\/\/ambpraga.esteri.it\/it\/wp-json\/wp\/v2\/types\/post"}],"author":[{"embeddable":true,"href":"https:\/\/ambpraga.esteri.it\/it\/wp-json\/wp\/v2\/users\/5"}],"replies":[{"embeddable":true,"href":"https:\/\/ambpraga.esteri.it\/it\/wp-json\/wp\/v2\/comments?post=4597"}],"version-history":[{"count":1,"href":"https:\/\/ambpraga.esteri.it\/it\/wp-json\/wp\/v2\/posts\/4597\/revisions"}],"predecessor-version":[{"id":4614,"href":"https:\/\/ambpraga.esteri.it\/it\/wp-json\/wp\/v2\/posts\/4597\/revisions\/4614"}],"wp:featuredmedia":[{"embeddable":true,"href":"https:\/\/ambpraga.esteri.it\/it\/wp-json\/wp\/v2\/media\/4606"}],"wp:attachment":[{"href":"https:\/\/ambpraga.esteri.it\/it\/wp-json\/wp\/v2\/media?parent=4597"}],"wp:term":[{"taxonomy":"post_tag","embeddable":true,"href":"https:\/\/ambpraga.esteri.it\/it\/wp-json\/wp\/v2\/tags?post=4597"}],"curies":[{"name":"wp","href":"https:\/\/api.w.org\/{rel}","templated":true}]}}